{"id":9352,"date":"2019-04-18T16:32:37","date_gmt":"2019-04-18T14:32:37","guid":{"rendered":"https:\/\/www.myweedo.de\/gruene-seiten\/?p=9352"},"modified":"2019-04-22T10:11:41","modified_gmt":"2019-04-22T08:11:41","slug":"republica-fachkonferenz-digital-hemp-hanf-das-oel-des-21-jahrhunderts","status":"publish","type":"post","link":"https:\/\/www.myweedo.de\/gruene-seiten\/veranstaltung\/republica-fachkonferenz-digital-hemp-hanf-das-oel-des-21-jahrhunderts\/","title":{"rendered":"re:publica Fachkonferenz Digital Hemp: Hanf &#8211; Das \u00d6l des 21. Jahrhunderts"},"content":{"rendered":"\n<p><strong>Hanf ist unfassbar vielseitig \u2013 er erschlie\u00dft immer mehr M\u00e4rkte, bildet neue Communities und startet als nachhaltiges Produkt richtig durch. Auf der re:publica k\u00f6nnt ihr mitreden, mitdiskutieren und mitgestalten! Die Fachkonferenz Digital Hemp findet am 8. Mai im Deutschen Technikmuseum in Berlin statt.<\/strong><\/p>\n\n\n\n<p style=\"text-align:left\"><strong>Wann?<\/strong> 08. Mai 2019<\/p>\n\n\n\n<p style=\"text-align:left\"><strong>Wo?<\/strong> Deutsches Technikmuseum, Trebbiner Stra\u00dfe 9, 10963 Berlin<\/p>\n\n\n\n<p>Das Thema der <a href=\"https:\/\/en.xing-events.com\/e\/hfbgkp\">re:publica &#8211; Digital Hemp Konferenz<\/a> ist ganz klar die Hanfpflanze, mit ihrem enormen Potenzial. Angefangen beim Rohstoff f\u00fcr viele nachhaltige Produkte und <a rel=\"noreferrer noopener\" aria-label=\"Textilien (\u00f6ffnet in neuem Tab)\" href=\"https:\/\/www.myweedo.de\/gruene-seiten\/forschung\/hanf-in-der-textilindustrie\/\" target=\"_blank\">Textilien<\/a> bis hin zur Anwendung in der <a rel=\"noreferrer noopener\" aria-label=\"Medizin (\u00f6ffnet in neuem Tab)\" href=\"https:\/\/www.myweedo.de\/gruene-seiten\/forschung\/cannabis-als-medizin-was-ist-der-entourage-effekt-cannabis-therapie\/\" target=\"_blank\">Medizin<\/a> \u2013 Hanf erlebt einen regelrechten Boom. Auch die Legalisierungswelle in vielen L\u00e4ndern wie den USA, Mexiko und Kanada bringt den Hanf auf legale M\u00e4rkte, zum privaten Konsum oder zu medizinischen Zwecken. Auch der deutsche Markt bleibt von dieser Welle nicht verschont und viele unterschiedliche Branchen und Unternehmen k\u00f6nnen diese Chance nutzen. Die wachsende Nachfrage nach Produkten aus Cannabis sowie die digitale Vernetzung und neue Informationstechnologien bringen immer mehr Dynamik in die Branche.<\/p>\n\n\n\n<h2><strong>Wer ist auf der Fachkonferenz Digital Hemp anzutreffen?<\/strong> <\/h2>\n\n\n\n<p>Zahlreiche Player aus der Hanf-Branche werden am 8. Mai auf der B\u00fchne stehen und neue spannende Impulse geben: Neben Cheryl Shuman, Gr\u00fcnderin des Beverly Hills Cannabis Club, werden auch Georg Wurth und Sascha Waterkotte vom Deutschen Hanfverband und Michael Carus, Gesch\u00e4ftsf\u00fchrer der nova-Institut GmbH anwesend sein. In einer politischen Debatte zu den Rahmenbedingungen f\u00fcr einen starken deutschen Markt werden unter anderen Kirsten Kappert-Gonther (Die Gr\u00fcnen) und Burkhard Blienert (ehem. SPD) mit dabei sein.<\/p>\n\n\n\n<h2><strong>K\u00f6nnen wir die Welt retten?<\/strong> <\/h2>\n\n\n\n<p>Das Publikum wird bunt gemischt, denn die Konferenz richtet sich an alle Interessenten von digitalem Marketing, nachhaltigen Umwelttechnologien und Potenzialm\u00e4rkten mit High-Tech-Innovationen in und au\u00dferhalb der Hanfbranche. Das Event bringt zudem Entscheider*innen aus Wirtschaft und Politik zusammen, die Kontakte schlie\u00dfen und sich aktiv am aktuellen Geschehen beteiligen m\u00f6chten. Auch f\u00fcr Unternehmer*innen, Meinungsbilder*innen und Freelancer*innen bietet sich hier die perfekte Gelegenheit zur stetigen Vernetzung, um das Thema Hanf mit geb\u00fcndelten Ressourcen weiter voran zu treiben und Deutschland zu einem bedeutenden Player in der Cannabis-Branche zu machen. Nicht nur wirtschaftlich, sondern auch \u00f6kologisch ist der Rohstoff Hanf wegweisend in eine bessere Zukunft.<\/p>\n\n\n\n<h2><strong>Welches Programm erwartet euch?<\/strong><\/h2>\n\n\n\n<p>Die re:publica bietet euch abwechslungsreiche Formate zu unterschiedlichen Aspekten des Themas Digital Hemp! Renommierte und ausgew\u00e4hlte Speaker aus Wirtschaft, Medien, <a rel=\"noreferrer noopener\" aria-label=\"Politik (\u00f6ffnet in neuem Tab)\" href=\"https:\/\/www.myweedo.de\/gruene-seiten\/politik\/\" target=\"_blank\">Politik<\/a> und Wissenschaft sprechen zu den 3 gro\u00dfen Themen:<\/p>\n\n\n\n<ul><li>Marketing, Media und Movement<\/li><li>Nachhaltige Entwicklung: Hanf als nachwachsender Rohstoff<\/li><li>Entstehende M\u00e4rkte, Innovationen und Politik<\/li><\/ul>\n\n\n\n<p>Hier k\u00f6nnt ihr weitere Informationen zur Konferenz erhalten und euch Tickets f\u00fcr die Fachkonferenz sichern:<\/p>\n\n\n\n<div class=\"wp-block-button\"><a class=\"wp-block-button__link has-text-color has-very-light-gray-color has-background has-luminous-vivid-orange-background-color\" href=\"https:\/\/en.xing-events.com\/e\/hfbgkp\">Digital Hemp Conference<br><\/a><\/div>\n\n\n\n\n\t\t\t<!-- START Artikel2 REVOLUTION SLIDER 6.5.6 --><p class=\"rs-p-wp-fix\"><\/p>\n\t\t\t<rs-module-wrap id=\"rev_slider_11_1_wrapper\" data-source=\"gallery\" style=\"visibility:hidden;background:transparent;padding:0;margin:0px auto;margin-top:20;margin-bottom:20;max-width:;\">\n\t\t\t\t<rs-module id=\"rev_slider_11_1\" style=\"\" data-version=\"6.5.6\">\n\t\t\t\t\t<rs-slides>\n\t\t\t\t\t\t<rs-slide style=\"position: absolute;\" data-key=\"rs-173\" data-title=\"Slide\" data-link=\"\/\/holy-hemp.de?utm_source=weedomagazin&utm_medium=banner&utm_campaign=cannabissamen\" data-target=\"_self\" data-seoz=\"front\" data-duration=\"5000ms\" data-anim=\"ms:300;\" data-in=\"o:0;\" data-out=\"a:false;\">\n\t\t\t\t\t\t\t<img src=\"\/\/www.myweedo.de\/gruene-seiten\/wp-content\/plugins\/revslider\/public\/assets\/assets\/dummy.png\" alt=\"Cannabissamen Holy Hemp\" title=\"Werbebanner-Weedo-HolyHemp\" width=\"1024\" height=\"495\" class=\"rev-slidebg tp-rs-img rs-lazyload\" data-lazyload=\"\/\/www.myweedo.de\/gruene-seiten\/wp-content\/uploads\/2017\/12\/Werbebanner-Weedo-HolyHemp.jpg\" data-parallax=\"off\" data-no-retina>\n<!---->\t\t\t\t\t\t<\/rs-slide>\n\t\t\t\t\t\t<rs-slide style=\"position: absolute;\" data-key=\"rs-55\" data-title=\"Slide\" data-link=\"\/\/happybuds.de?utm_source=weedomagazin&utm_medium=banner&utm_campaign=happybuds\" data-target=\"_self\" data-seoz=\"front\" data-duration=\"5000ms\" data-anim=\"ms:300;\" data-in=\"o:0;\" data-out=\"a:false;\">\n\t\t\t\t\t\t\t<img src=\"\/\/www.myweedo.de\/gruene-seiten\/wp-content\/plugins\/revslider\/public\/assets\/assets\/dummy.png\" title=\"Werbebanner-HappyBuds\" width=\"1024\" height=\"495\" class=\"rev-slidebg tp-rs-img rs-lazyload\" data-lazyload=\"\/\/www.myweedo.de\/gruene-seiten\/wp-content\/uploads\/2017\/12\/Werbebanner-HappyBuds.jpg\" data-parallax=\"off\" data-no-retina>\n<!---->\t\t\t\t\t\t<\/rs-slide>\n\t\t\t\t\t\t<rs-slide style=\"position: absolute;\" data-key=\"rs-121\" data-title=\"Slide\" data-link=\"\/\/www.myweedo.de\/weithalsdose-aus-violettglas-miron\" data-target=\"_self\" data-seoz=\"front\" data-duration=\"5000ms\" data-anim=\"ms:300;\" data-in=\"o:0;\" data-out=\"a:false;\">\n\t\t\t\t\t\t\t<img src=\"\/\/www.myweedo.de\/gruene-seiten\/wp-content\/plugins\/revslider\/public\/assets\/assets\/dummy.png\" title=\"werbebanner-miron\" width=\"1240\" height=\"600\" class=\"rev-slidebg tp-rs-img rs-lazyload\" data-lazyload=\"\/\/www.myweedo.de\/gruene-seiten\/wp-content\/uploads\/2017\/12\/werbebanner-miron.jpg\" data-parallax=\"off\" data-no-retina>\n<!---->\t\t\t\t\t\t<\/rs-slide>\n\t\t\t\t\t\t<rs-slide style=\"position: absolute;\" data-key=\"rs-156\" data-title=\"Slide\" data-link=\"\/\/happybuds.de\/cbd-vape-pens\/?utm_source=weedomagazin&utm_medium=banner&utm_campaign=cbdvapes\" data-target=\"_self\" data-seoz=\"front\" data-duration=\"5000ms\" data-anim=\"ms:300;\" data-in=\"o:0;\" data-out=\"a:false;\">\n\t\t\t\t\t\t\t<img src=\"\/\/www.myweedo.de\/gruene-seiten\/wp-content\/plugins\/revslider\/public\/assets\/assets\/dummy.png\" title=\"Werbebanner-CBD-Vapes\" width=\"1024\" height=\"495\" class=\"rev-slidebg tp-rs-img rs-lazyload\" data-lazyload=\"\/\/www.myweedo.de\/gruene-seiten\/wp-content\/uploads\/2017\/12\/Werbebanner-CBD-Vapes.jpg\" data-parallax=\"off\" data-no-retina>\n<!---->\t\t\t\t\t\t<\/rs-slide>\n\t\t\t\t\t<\/rs-slides>\n\t\t\t\t<\/rs-module>\n\t\t\t\t<script type=\"text\/javascript\">\n\t\t\t\t\tsetREVStartSize({c: 'rev_slider_11_1',rl:[1240,1024,778,480],el:[600],gw:[1240],gh:[600],type:'standard',justify:'',layout:'fullwidth',mh:\"0\"});if (window.RS_MODULES!==undefined && window.RS_MODULES.modules!==undefined && window.RS_MODULES.modules[\"revslider111\"]!==undefined) {window.RS_MODULES.modules[\"revslider111\"].once = false;window.revapi11 = undefined;if (window.RS_MODULES.checkMinimal!==undefined) window.RS_MODULES.checkMinimal()}\n\t\t\t\t<\/script>\n\t\t\t<\/rs-module-wrap>\n\t\t\t<!-- END REVOLUTION SLIDER -->\n\n","protected":false},"excerpt":{"rendered":"<p>Hanf ist unfassbar vielseitig \u2013 er erschlie\u00dft immer mehr M\u00e4rkte, bildet neue Communities und startet als nachhaltiges Produkt richtig durch. Auf der re:publica k\u00f6nnt ihr mitreden, mitdiskutieren und mitgestalten! Die Fachkonferenz Digital Hemp findet am 8. Mai im Deutschen Technikmuseum in Berlin statt. Wann? 08. Mai 2019 Wo? Deutsches Technikmuseum, Trebbiner Stra\u00dfe 9, 10963 Berlin [&hellip;]<\/p>\n","protected":false},"author":24,"featured_media":9363,"comment_status":"open","ping_status":"open","sticky":false,"template":"","format":"standard","meta":[],"categories":[3066],"tags":[],"yoast_head":"<!-- This site is optimized with the Yoast SEO Premium plugin v19.7 (Yoast SEO v19.14) - https:\/\/yoast.com\/wordpress\/plugins\/seo\/ -->\n<title>re:publica Fachkonferenz Digital Hemp: Hanf - Das \u00d6l des 21. Jahrhunderts - Weedo<\/title>\n<meta name=\"description\" content=\"Auf der re:publica k\u00f6nnt ihr mitreden und mitgestalten! Die Fachkonferenz Digital Hemp findet am 8. Mai im Deutschen Technikmuseum in Berlin statt.\" \/>\n<meta name=\"robots\" content=\"index, follow, max-snippet:-1, max-image-preview:large, max-video-preview:-1\" \/>\n<link rel=\"canonical\" href=\"https:\/\/www.myweedo.de\/gruene-seiten\/veranstaltung\/republica-fachkonferenz-digital-hemp-hanf-das-oel-des-21-jahrhunderts\/\" \/>\n<meta property=\"og:locale\" content=\"de_DE\" \/>\n<meta property=\"og:type\" content=\"article\" \/>\n<meta property=\"og:title\" content=\"re:publica Fachkonferenz Digital Hemp: Hanf - Das \u00d6l des 21. Jahrhunderts\" \/>\n<meta property=\"og:description\" content=\"Auf der re:publica k\u00f6nnt ihr mitreden und mitgestalten! Die Fachkonferenz Digital Hemp findet am 8. Mai im Deutschen Technikmuseum in Berlin statt.\" \/>\n<meta property=\"og:url\" content=\"https:\/\/www.myweedo.de\/gruene-seiten\/veranstaltung\/republica-fachkonferenz-digital-hemp-hanf-das-oel-des-21-jahrhunderts\/\" \/>\n<meta property=\"og:site_name\" content=\"Weedo\" \/>\n<meta property=\"article:publisher\" content=\"https:\/\/www.facebook.com\/myweedo\/\" \/>\n<meta property=\"article:published_time\" content=\"2019-04-18T14:32:37+00:00\" \/>\n<meta property=\"article:modified_time\" content=\"2019-04-22T08:11:41+00:00\" \/>\n<meta property=\"og:image\" content=\"https:\/\/www.myweedo.de\/gruene-seiten\/wp-content\/uploads\/2019\/04\/digital-hemp.jpg\" \/>\n\t<meta property=\"og:image:width\" content=\"1200\" \/>\n\t<meta property=\"og:image:height\" content=\"708\" \/>\n\t<meta property=\"og:image:type\" content=\"image\/jpeg\" \/>\n<meta name=\"author\" content=\"Nadja\" \/>\n<meta name=\"twitter:card\" content=\"summary_large_image\" \/>\n<meta name=\"twitter:creator\" content=\"@myweedo\" \/>\n<meta name=\"twitter:site\" content=\"@myweedo\" \/>\n<meta name=\"twitter:label1\" content=\"Verfasst von\" \/>\n\t<meta name=\"twitter:data1\" content=\"Nadja\" \/>\n\t<meta name=\"twitter:label2\" content=\"Gesch\u00e4tzte Lesezeit\" \/>\n\t<meta name=\"twitter:data2\" content=\"2\u00a0Minuten\" \/>\n<script type=\"application\/ld+json\" class=\"yoast-schema-graph\">{\"@context\":\"https:\/\/schema.org\",\"@graph\":[{\"@type\":\"WebPage\",\"@id\":\"https:\/\/www.myweedo.de\/gruene-seiten\/veranstaltung\/republica-fachkonferenz-digital-hemp-hanf-das-oel-des-21-jahrhunderts\/\",\"url\":\"https:\/\/www.myweedo.de\/gruene-seiten\/veranstaltung\/republica-fachkonferenz-digital-hemp-hanf-das-oel-des-21-jahrhunderts\/\",\"name\":\"re:publica Fachkonferenz Digital Hemp: Hanf - Das \u00d6l des 21. Jahrhunderts - Weedo\",\"isPartOf\":{\"@id\":\"https:\/\/www.myweedo.de\/gruene-seiten\/#website\"},\"datePublished\":\"2019-04-18T14:32:37+00:00\",\"dateModified\":\"2019-04-22T08:11:41+00:00\",\"author\":{\"@id\":\"https:\/\/www.myweedo.de\/gruene-seiten\/#\/schema\/person\/550788bd108861c372161fb25282df61\"},\"description\":\"Auf der re:publica k\u00f6nnt ihr mitreden und mitgestalten! Die Fachkonferenz Digital Hemp findet am 8. Mai im Deutschen Technikmuseum in Berlin statt.\",\"breadcrumb\":{\"@id\":\"https:\/\/www.myweedo.de\/gruene-seiten\/veranstaltung\/republica-fachkonferenz-digital-hemp-hanf-das-oel-des-21-jahrhunderts\/#breadcrumb\"},\"inLanguage\":\"de\",\"potentialAction\":[{\"@type\":\"ReadAction\",\"target\":[\"https:\/\/www.myweedo.de\/gruene-seiten\/veranstaltung\/republica-fachkonferenz-digital-hemp-hanf-das-oel-des-21-jahrhunderts\/\"]}]},{\"@type\":\"BreadcrumbList\",\"@id\":\"https:\/\/www.myweedo.de\/gruene-seiten\/veranstaltung\/republica-fachkonferenz-digital-hemp-hanf-das-oel-des-21-jahrhunderts\/#breadcrumb\",\"itemListElement\":[{\"@type\":\"ListItem\",\"position\":1,\"name\":\"Startseite\",\"item\":\"https:\/\/www.myweedo.de\/gruene-seiten\/\"},{\"@type\":\"ListItem\",\"position\":2,\"name\":\"re:publica Fachkonferenz Digital Hemp: Hanf &#8211; Das \u00d6l des 21. Jahrhunderts\"}]},{\"@type\":\"WebSite\",\"@id\":\"https:\/\/www.myweedo.de\/gruene-seiten\/#website\",\"url\":\"https:\/\/www.myweedo.de\/gruene-seiten\/\",\"name\":\"Weedo\",\"description\":\"Cannabis Lifestyle\",\"potentialAction\":[{\"@type\":\"SearchAction\",\"target\":{\"@type\":\"EntryPoint\",\"urlTemplate\":\"https:\/\/www.myweedo.de\/gruene-seiten\/?s={search_term_string}\"},\"query-input\":\"required name=search_term_string\"}],\"inLanguage\":\"de\"},{\"@type\":\"Person\",\"@id\":\"https:\/\/www.myweedo.de\/gruene-seiten\/#\/schema\/person\/550788bd108861c372161fb25282df61\",\"name\":\"Nadja\",\"image\":{\"@type\":\"ImageObject\",\"inLanguage\":\"de\",\"@id\":\"https:\/\/www.myweedo.de\/gruene-seiten\/#\/schema\/person\/image\/\",\"url\":\"https:\/\/secure.gravatar.com\/avatar\/24a53496a12b89b4ae20a1067e52d905?s=96&d=mm&r=g\",\"contentUrl\":\"https:\/\/secure.gravatar.com\/avatar\/24a53496a12b89b4ae20a1067e52d905?s=96&d=mm&r=g\",\"caption\":\"Nadja\"},\"description\":\"Kreativ, voller Energie und Autorin aus Leidenschaft. Auf allen Kontinenten dieser Welt zuhause und immer auf der Suche nach neuen Tipps, Trends, Rezepten und alles, was die Welt so zu bieten hat.\",\"url\":\"https:\/\/www.myweedo.de\/gruene-seiten\/author\/nadja-d\/\"}]}<\/script>\n<!-- \/ Yoast SEO Premium plugin. -->","yoast_head_json":{"title":"re:publica Fachkonferenz Digital Hemp: Hanf - Das \u00d6l des 21. Jahrhunderts - Weedo","description":"Auf der re:publica k\u00f6nnt ihr mitreden und mitgestalten! Die Fachkonferenz Digital Hemp findet am 8. Mai im Deutschen Technikmuseum in Berlin statt.","robots":{"index":"index","follow":"follow","max-snippet":"max-snippet:-1","max-image-preview":"max-image-preview:large","max-video-preview":"max-video-preview:-1"},"canonical":"https:\/\/www.myweedo.de\/gruene-seiten\/veranstaltung\/republica-fachkonferenz-digital-hemp-hanf-das-oel-des-21-jahrhunderts\/","og_locale":"de_DE","og_type":"article","og_title":"re:publica Fachkonferenz Digital Hemp: Hanf - Das \u00d6l des 21. Jahrhunderts","og_description":"Auf der re:publica k\u00f6nnt ihr mitreden und mitgestalten! Die Fachkonferenz Digital Hemp findet am 8. Mai im Deutschen Technikmuseum in Berlin statt.","og_url":"https:\/\/www.myweedo.de\/gruene-seiten\/veranstaltung\/republica-fachkonferenz-digital-hemp-hanf-das-oel-des-21-jahrhunderts\/","og_site_name":"Weedo","article_publisher":"https:\/\/www.facebook.com\/myweedo\/","article_published_time":"2019-04-18T14:32:37+00:00","article_modified_time":"2019-04-22T08:11:41+00:00","og_image":[{"width":1200,"height":708,"url":"https:\/\/www.myweedo.de\/gruene-seiten\/wp-content\/uploads\/2019\/04\/digital-hemp.jpg","type":"image\/jpeg"}],"author":"Nadja","twitter_card":"summary_large_image","twitter_creator":"@myweedo","twitter_site":"@myweedo","twitter_misc":{"Verfasst von":"Nadja","Gesch\u00e4tzte Lesezeit":"2\u00a0Minuten"},"schema":{"@context":"https:\/\/schema.org","@graph":[{"@type":"WebPage","@id":"https:\/\/www.myweedo.de\/gruene-seiten\/veranstaltung\/republica-fachkonferenz-digital-hemp-hanf-das-oel-des-21-jahrhunderts\/","url":"https:\/\/www.myweedo.de\/gruene-seiten\/veranstaltung\/republica-fachkonferenz-digital-hemp-hanf-das-oel-des-21-jahrhunderts\/","name":"re:publica Fachkonferenz Digital Hemp: Hanf - Das \u00d6l des 21. Jahrhunderts - Weedo","isPartOf":{"@id":"https:\/\/www.myweedo.de\/gruene-seiten\/#website"},"datePublished":"2019-04-18T14:32:37+00:00","dateModified":"2019-04-22T08:11:41+00:00","author":{"@id":"https:\/\/www.myweedo.de\/gruene-seiten\/#\/schema\/person\/550788bd108861c372161fb25282df61"},"description":"Auf der re:publica k\u00f6nnt ihr mitreden und mitgestalten! Die Fachkonferenz Digital Hemp findet am 8. Mai im Deutschen Technikmuseum in Berlin statt.","breadcrumb":{"@id":"https:\/\/www.myweedo.de\/gruene-seiten\/veranstaltung\/republica-fachkonferenz-digital-hemp-hanf-das-oel-des-21-jahrhunderts\/#breadcrumb"},"inLanguage":"de","potentialAction":[{"@type":"ReadAction","target":["https:\/\/www.myweedo.de\/gruene-seiten\/veranstaltung\/republica-fachkonferenz-digital-hemp-hanf-das-oel-des-21-jahrhunderts\/"]}]},{"@type":"BreadcrumbList","@id":"https:\/\/www.myweedo.de\/gruene-seiten\/veranstaltung\/republica-fachkonferenz-digital-hemp-hanf-das-oel-des-21-jahrhunderts\/#breadcrumb","itemListElement":[{"@type":"ListItem","position":1,"name":"Startseite","item":"https:\/\/www.myweedo.de\/gruene-seiten\/"},{"@type":"ListItem","position":2,"name":"re:publica Fachkonferenz Digital Hemp: Hanf &#8211; Das \u00d6l des 21. Jahrhunderts"}]},{"@type":"WebSite","@id":"https:\/\/www.myweedo.de\/gruene-seiten\/#website","url":"https:\/\/www.myweedo.de\/gruene-seiten\/","name":"Weedo","description":"Cannabis Lifestyle","potentialAction":[{"@type":"SearchAction","target":{"@type":"EntryPoint","urlTemplate":"https:\/\/www.myweedo.de\/gruene-seiten\/?s={search_term_string}"},"query-input":"required name=search_term_string"}],"inLanguage":"de"},{"@type":"Person","@id":"https:\/\/www.myweedo.de\/gruene-seiten\/#\/schema\/person\/550788bd108861c372161fb25282df61","name":"Nadja","image":{"@type":"ImageObject","inLanguage":"de","@id":"https:\/\/www.myweedo.de\/gruene-seiten\/#\/schema\/person\/image\/","url":"https:\/\/secure.gravatar.com\/avatar\/24a53496a12b89b4ae20a1067e52d905?s=96&d=mm&r=g","contentUrl":"https:\/\/secure.gravatar.com\/avatar\/24a53496a12b89b4ae20a1067e52d905?s=96&d=mm&r=g","caption":"Nadja"},"description":"Kreativ, voller Energie und Autorin aus Leidenschaft. Auf allen Kontinenten dieser Welt zuhause und immer auf der Suche nach neuen Tipps, Trends, Rezepten und alles, was die Welt so zu bieten hat.","url":"https:\/\/www.myweedo.de\/gruene-seiten\/author\/nadja-d\/"}]}},"_links":{"self":[{"href":"https:\/\/www.myweedo.de\/gruene-seiten\/wp-json\/wp\/v2\/posts\/9352"}],"collection":[{"href":"https:\/\/www.myweedo.de\/gruene-seiten\/wp-json\/wp\/v2\/posts"}],"about":[{"href":"https:\/\/www.myweedo.de\/gruene-seiten\/wp-json\/wp\/v2\/types\/post"}],"author":[{"embeddable":true,"href":"https:\/\/www.myweedo.de\/gruene-seiten\/wp-json\/wp\/v2\/users\/24"}],"replies":[{"embeddable":true,"href":"https:\/\/www.myweedo.de\/gruene-seiten\/wp-json\/wp\/v2\/comments?post=9352"}],"version-history":[{"count":11,"href":"https:\/\/www.myweedo.de\/gruene-seiten\/wp-json\/wp\/v2\/posts\/9352\/revisions"}],"predecessor-version":[{"id":9411,"href":"https:\/\/www.myweedo.de\/gruene-seiten\/wp-json\/wp\/v2\/posts\/9352\/revisions\/9411"}],"wp:featuredmedia":[{"embeddable":true,"href":"https:\/\/www.myweedo.de\/gruene-seiten\/wp-json\/wp\/v2\/media\/9363"}],"wp:attachment":[{"href":"https:\/\/www.myweedo.de\/gruene-seiten\/wp-json\/wp\/v2\/media?parent=9352"}],"wp:term":[{"taxonomy":"category","embeddable":true,"href":"https:\/\/www.myweedo.de\/gruene-seiten\/wp-json\/wp\/v2\/categories?post=9352"},{"taxonomy":"post_tag","embeddable":true,"href":"https:\/\/www.myweedo.de\/gruene-seiten\/wp-json\/wp\/v2\/tags?post=9352"}],"curies":[{"name":"wp","href":"https:\/\/api.w.org\/{rel}","templated":true}]}}