{"id":8994,"date":"2019-03-30T19:21:28","date_gmt":"2019-03-30T18:21:28","guid":{"rendered":"https:\/\/www.myweedo.de\/gruene-seiten\/?p=8994"},"modified":"2019-06-16T13:01:33","modified_gmt":"2019-06-16T11:01:33","slug":"hoffnung-im-nebel-neue-studien-cannabis-autismus","status":"publish","type":"post","link":"https:\/\/www.myweedo.de\/gruene-seiten\/gesundheit\/hoffnung-im-nebel-neue-studien-cannabis-autismus\/","title":{"rendered":"Die Hoffnung im Nebel: Neue Studien zu Cannabis bei Autismus"},"content":{"rendered":"\n<p><em>Der Autor dieses Artikels lebt mit dem Asperger-Syndrom, einer hochfunktionalen Form von Autismus. Seine pers\u00f6nlichen Erfahrungen mit verschiedenen Formen von Cannabis, die er bez\u00fcglich seiner Symptome als lindernd empfand, werden von den hier angef\u00fchrten Studien scheinbar statistisch untermauert. Wir empfehlen dennoch, vor der Aufnahme einer Behandlung einen Arzt aufzusuchen, um sich bez\u00fcglich der medizinischen Folgen, sowie m\u00f6glichen Nebenwirkungen beraten zu lassen.<\/em><\/p>\n\n\n\n<h2>Was\nist Autismus?<\/h2>\n\n\n\n<p>Wir alle kennen die Klischees, vom meist schweigsamen, manchmal schreiend zappelnden kleinen Jungen, der am liebsten Zahlenr\u00e4tsel l\u00f6st und Gegenst\u00e4nde sortiert. Die Realit\u00e4t ist davon oft nicht weit entfernt, doch auch nicht immer gleich, selten filmreif und allgemein sehr komplex. Vieles bleibt bislang unerforscht, auch weil sich Ursachen und Auspr\u00e4gungen von Mensch zu Mensch so stark unterscheiden. Nicht zuletzt deshalb gelten anerkannte Kriterien und Diagnosen heute als veraltet und r\u00fcckst\u00e4ndig; statt in Schubladen zu denken, spricht man vom Autismus-Spektrum. Dennoch gibt es selbstverst\u00e4ndlich gewisse Muster und Merkmale, die Autisten als solche erkennbar machen und auf dem Spektrum verorten: So l\u00e4sst sich recht allgemein sagen, dass Menschen auf dem Autismus-Spektrum, ob hochfunktional oder nicht, in der Aufnahme und Verarbeitung von Informationen von der Norm abweichen. Eindr\u00fccke lassen sich dabei oft nur schwer ausblenden, Gedanken sich schwer beiseite schieben und unrhythmische, laute Ger\u00e4uschkulissen, im falschen Augenblick wahrgenommen, k\u00f6nnen bildlich gesprochen die Wirkung eines Hagelsturms entfalten. Auch im sozialen Umfeld, und bei der Bew\u00e4ltigung gewisser Aufgaben, kann sich Autismus bemerkbar machen. Eine gewisse Unbeholfenheit, gelegentlich bis hin zur Unf\u00e4higkeit, bei nonverbaler Kommunikation und der Deutung des Verhaltens von Mitmenschen, geh\u00f6rt zu den charakteristischen Eigenschaften von Autisten, geht jedoch oft mit hoher Intelligenz, guter Merkf\u00e4higkeit und einem ausgepr\u00e4gten r\u00e4umlichen Vorstellungsverm\u00f6gen einher. W\u00e4hrend sich kognitive F\u00e4higkeiten allerdings nutzen und soziale Stolpersteine nach und nach aus dem Weg r\u00e4umen lassen, k\u00f6nnen Wahrnehmungsst\u00f6rungen, Reiz\u00fcberflutung und der sogenannte Hyperfokus, je nach Schweregrad, nachhaltig die Lebensqualit\u00e4t von Autisten beeinflussen. Was bringt es, kreativ zu sein und Codes knacken zu k\u00f6nnen, wenn bereits U-Bahn fahren regelm\u00e4\u00dfig zur Qual wird?<\/p>\n\n\n\n<h2>Cannabinoide k\u00f6nnten der Schl\u00fcssel sein<\/h2>\n\n\n\n<figure class=\"wp-block-image\"><img loading=\"lazy\" width=\"1860\" height=\"1240\" src=\"https:\/\/www.myweedo.de\/gruene-seiten\/wp-content\/uploads\/2019\/03\/CBD-Autismus1.jpg\" alt=\"CBD-Autismus\" class=\"wp-image-9034\" srcset=\"https:\/\/www.myweedo.de\/gruene-seiten\/wp-content\/uploads\/2019\/03\/CBD-Autismus1.jpg 1860w, https:\/\/www.myweedo.de\/gruene-seiten\/wp-content\/uploads\/2019\/03\/CBD-Autismus1-600x400.jpg 600w, https:\/\/www.myweedo.de\/gruene-seiten\/wp-content\/uploads\/2019\/03\/CBD-Autismus1-300x200.jpg 300w, https:\/\/www.myweedo.de\/gruene-seiten\/wp-content\/uploads\/2019\/03\/CBD-Autismus1-768x512.jpg 768w, https:\/\/www.myweedo.de\/gruene-seiten\/wp-content\/uploads\/2019\/03\/CBD-Autismus1-1024x683.jpg 1024w, https:\/\/www.myweedo.de\/gruene-seiten\/wp-content\/uploads\/2019\/03\/CBD-Autismus1-566x377.jpg 566w, https:\/\/www.myweedo.de\/gruene-seiten\/wp-content\/uploads\/2019\/03\/CBD-Autismus1-390x260.jpg 390w, https:\/\/www.myweedo.de\/gruene-seiten\/wp-content\/uploads\/2019\/03\/CBD-Autismus1-103x68.jpg 103w\" sizes=\"(max-width: 1860px) 100vw, 1860px\" \/><figcaption>\u00a9 cendeced \u2013 stock.adobe.com<\/figcaption><\/figure>\n\n\n\n<p>W\u00e4hrend die Sinnes- und Reizwahrnehmung bei Autismus verst\u00e4rkt\nist, oft gepaart mit \u00fcbersteigerter Konzentration und sich f\u00f6rmlich\n\u00fcberschlagenden Gedanken, erzielt der Konsum von Cannabis meist genau die\ngegenteilige Wirkung, wirkt entspannend, erleichtert das Loslassen und das\nAusblenden. Die Vermutung eines Zusammenhangs zwischen Autismus und\nCannabinoiden liegt somit nicht allzu fern: Genau jene Funktionen des Gehirns\nund des Nervensystems, die bei Autisten besonders stark ausgepr\u00e4gt sind,\nscheinen durch Cannabis vor\u00fcbergehend ged\u00e4mpft, geschw\u00e4cht, quasi gelindert zu\nwerden. Wenig \u00fcberraschend also, dass in dieser Richtung in j\u00fcngerer Zeit\nintensive Forschung betrieben wird.<\/p>\n\n\n\n<p>Besonders zwei Studien, die von israelischen Wissenschaftlern\nunabh\u00e4ngig voneinander durchgef\u00fchrt und beide im Januar 2019 ver\u00f6ffentlicht\nwurden, k\u00f6nnten helfen, bald Licht ins Dunkel zu bringen.<\/p>\n\n\n\n<p><a rel=\"noreferrer noopener\" aria-label=\" (\u00f6ffnet in neuem Tab)\" href=\"https:\/\/www.ncbi.nlm.nih.gov\/pubmed\/30728928\" target=\"_blank\">Eine gemeinsame Untersuchung durch mehrere Universit\u00e4ten und Krankenh\u00e4user<\/a> hat etwa ergeben, dass bei Kindern mit Autismus, unabh\u00e4ngig von Alter, Geschlecht und K\u00f6rperbau, Abweichungen im Endocannabinoidsystem vorliegen. Endocannabinoide sind k\u00f6rpereigene Wirk- und Botenstoffe des Menschen, die in ihrer Wirkweise und Zusammensetzung den Wirkstoffen der Cannabispflanze \u00e4hneln, und nach diesen benannt sind. Insbesondere die Endocannabinoide AEA und PEA werden in der Neurologie mit der Verarbeitung von Eindr\u00fccken und Informationen in Verbindung gebracht, etwa bei Angst, Schmerz und Lernprozessen, sowie mit der Regulierung der Bewegung, des Appetits und des Schlafrhythmus. Wie im Rahmen der Studie festgestellt werden konnte, ist die Konzentration ebenjener Wirkstoffe bei Kindern mit Autismus etwa 30-40% niedriger, als bei Kindern ohne neurologische Auff\u00e4lligkeiten.<\/p>\n\n\n\n\t\t\t<!-- START hempcrew REVOLUTION SLIDER 6.5.6 --><p class=\"rs-p-wp-fix\"><\/p>\n\t\t\t<rs-module-wrap id=\"rev_slider_13_1_wrapper\" data-source=\"gallery\" style=\"visibility:hidden;background:transparent;padding:0;margin:0px auto;margin-top:0;margin-bottom:0;max-width:;\">\n\t\t\t\t<rs-module id=\"rev_slider_13_1\" style=\"\" data-version=\"6.5.6\">\n\t\t\t\t\t<rs-slides>\n\t\t\t\t\t\t<rs-slide style=\"position: absolute;\" data-key=\"rs-62\" data-title=\"Slide\" data-link=\" \/\/hempcrew.de\/produkte\/cbd-oele\/?utm_source=weedomagazin&utm_medium=slider&utm_campaign=cbdoele\" data-target=\"_self\" data-seoz=\"front\" data-duration=\"5000\" data-anim=\"ms:300;\" data-in=\"o:0;\" data-out=\"a:false;\">\n\t\t\t\t\t\t\t<img src=\"\/\/www.myweedo.de\/gruene-seiten\/wp-content\/plugins\/revslider\/public\/assets\/assets\/dummy.png\" title=\"Werbebanner-CBD-\u00d6le\" width=\"1024\" height=\"495\" class=\"rev-slidebg tp-rs-img rs-lazyload\" data-lazyload=\"\/\/www.myweedo.de\/gruene-seiten\/wp-content\/uploads\/2017\/12\/Werbebanner-CBD-Oele.jpg\" data-parallax=\"off\" data-no-retina>\n<!---->\t\t\t\t\t\t<\/rs-slide>\n\t\t\t\t\t<\/rs-slides>\n\t\t\t\t<\/rs-module>\n\t\t\t\t<script type=\"text\/javascript\">\n\t\t\t\t\tsetREVStartSize({c: 'rev_slider_13_1',rl:[1240,1024,778,480],el:[600],gw:[1240],gh:[600],type:'standard',justify:'',layout:'fullwidth',mh:\"0\"});if (window.RS_MODULES!==undefined && window.RS_MODULES.modules!==undefined && window.RS_MODULES.modules[\"revslider131\"]!==undefined) {window.RS_MODULES.modules[\"revslider131\"].once = false;window.revapi13 = undefined;if (window.RS_MODULES.checkMinimal!==undefined) window.RS_MODULES.checkMinimal()}\n\t\t\t\t<\/script>\n\t\t\t<\/rs-module-wrap>\n\t\t\t<!-- END REVOLUTION SLIDER -->\n\n\n\n\n<h2>CBD\nkann die Lebensqualit\u00e4t von Autisten verbessern<\/h2>\n\n\n\n<p><strong><a href=\"http:\/\/www.nature.com\/articles\/s41598-018-37570-y\" target=\"_blank\" rel=\"noreferrer noopener\" aria-label=\" (\u00f6ffnet in neuem Tab)\">Eine weitere Studie<\/a><\/strong>, die \u00fcberwiegend durch die Universit\u00e4t Negev durchgef\u00fchrt wurde, besch\u00e4ftigte sich mit den Auswirkungen von CBD auf Kinder mit Autismus. CBD steht f\u00fcr Cannabidiol und ist einer von \u00fcber hundert in der Cannabis-Pflanze nat\u00fcrlich vorkommenden Stoffen. In der Anwendung beim Menschen gilt Cannabidiol unter anderem als angstl\u00f6send, schmerzlindernd und entz\u00fcndungshemmend.<\/p>\n\n\n\n<p>Zu den von den Eltern der teilnehmenden Kinder angegebenen\nSymptomen, geh\u00f6rten die \u00fcblichen Autismus-Symptome, wie h\u00e4ufige\nReiz\u00fcberflutung, Probleme mit der Konzentration und Schwierigkeiten bei der\nStressbew\u00e4ltigung, aber auch Nebenerscheinungen, wie etwa Schlafst\u00f6rungen und\ngelegentlich auftretende Appetitlosigkeit.<\/p>\n\n\n\n<p>Die t\u00e4gliche Anwendung von CBD-\u00d6l bei den Versuchspersonen erzielte weitgehend den erw\u00fcnschten Effekt: In regelm\u00e4\u00dfigen Befragungen gaben je \u00fcber 80% der Teilnehmer eine Verbesserung, bzw. Linderung der Symptome an und damit einhergehend, sowohl kurz- als auch langfristig, eine Verbesserung der Lebensqualit\u00e4t, bei den Testpersonen. Unerw\u00fcnschte Nebenwirkungen, wie Mundtrockenheit, Schl\u00e4frigkeit und Verdauungsprobleme, waren zudem selten und ausnahmslos ungef\u00e4hrlich. Auffallend ist zudem, dass lediglich 11% der Studienteilnehmer die Behandlung mit CBD abbrachen, und \u00fcber 40% der Abbrecher angaben, die Behandlung bald fortzusetzen. Zwar steckt die Forschung, sowohl an Cannabis als auch an Autismus, noch in den Kinderschuhen, weitere Studien und Ergebnisse sollten jedoch nicht lange auf sich warten lassen, und f\u00fcr Menschen auf dem Autismus-Spektrum ist der Horizont bereits jetzt voller Silberstreifen: Die Anwendungsm\u00f6glichkeiten von Cannabisprodukten sind vielf\u00e4ltig, und k\u00f6nnten f\u00fcr viele Autisten schon bald ein erleichtertes und angenehmeres Leben bedeuten, frei von schlaflosen N\u00e4chten und Nervenzusammenbr\u00fcchen. <\/p>\n\n\n\n\t\t\t<!-- START Artikel2 REVOLUTION SLIDER 6.5.6 --><p class=\"rs-p-wp-fix\"><\/p>\n\t\t\t<rs-module-wrap id=\"rev_slider_11_2_wrapper\" data-source=\"gallery\" style=\"visibility:hidden;background:transparent;padding:0;margin:0px auto;margin-top:20;margin-bottom:20;max-width:;\">\n\t\t\t\t<rs-module id=\"rev_slider_11_2\" style=\"\" data-version=\"6.5.6\">\n\t\t\t\t\t<rs-slides>\n\t\t\t\t\t\t<rs-slide style=\"position: absolute;\" data-key=\"rs-173\" data-title=\"Slide\" data-link=\"\/\/holy-hemp.de?utm_source=weedomagazin&utm_medium=banner&utm_campaign=cannabissamen\" data-target=\"_self\" data-seoz=\"front\" data-duration=\"5000ms\" data-anim=\"ms:300;\" data-in=\"o:0;\" data-out=\"a:false;\">\n\t\t\t\t\t\t\t<img src=\"\/\/www.myweedo.de\/gruene-seiten\/wp-content\/plugins\/revslider\/public\/assets\/assets\/dummy.png\" alt=\"Cannabissamen Holy Hemp\" title=\"Werbebanner-Weedo-HolyHemp\" width=\"1024\" height=\"495\" class=\"rev-slidebg tp-rs-img rs-lazyload\" data-lazyload=\"\/\/www.myweedo.de\/gruene-seiten\/wp-content\/uploads\/2017\/12\/Werbebanner-Weedo-HolyHemp.jpg\" data-parallax=\"off\" data-no-retina>\n<!---->\t\t\t\t\t\t<\/rs-slide>\n\t\t\t\t\t\t<rs-slide style=\"position: absolute;\" data-key=\"rs-55\" data-title=\"Slide\" data-link=\"\/\/happybuds.de?utm_source=weedomagazin&utm_medium=banner&utm_campaign=happybuds\" data-target=\"_self\" data-seoz=\"front\" data-duration=\"5000ms\" data-anim=\"ms:300;\" data-in=\"o:0;\" data-out=\"a:false;\">\n\t\t\t\t\t\t\t<img src=\"\/\/www.myweedo.de\/gruene-seiten\/wp-content\/plugins\/revslider\/public\/assets\/assets\/dummy.png\" title=\"Werbebanner-HappyBuds\" width=\"1024\" height=\"495\" class=\"rev-slidebg tp-rs-img rs-lazyload\" data-lazyload=\"\/\/www.myweedo.de\/gruene-seiten\/wp-content\/uploads\/2017\/12\/Werbebanner-HappyBuds.jpg\" data-parallax=\"off\" data-no-retina>\n<!---->\t\t\t\t\t\t<\/rs-slide>\n\t\t\t\t\t\t<rs-slide style=\"position: absolute;\" data-key=\"rs-121\" data-title=\"Slide\" data-link=\"\/\/www.myweedo.de\/weithalsdose-aus-violettglas-miron\" data-target=\"_self\" data-seoz=\"front\" data-duration=\"5000ms\" data-anim=\"ms:300;\" data-in=\"o:0;\" data-out=\"a:false;\">\n\t\t\t\t\t\t\t<img src=\"\/\/www.myweedo.de\/gruene-seiten\/wp-content\/plugins\/revslider\/public\/assets\/assets\/dummy.png\" title=\"werbebanner-miron\" width=\"1240\" height=\"600\" class=\"rev-slidebg tp-rs-img rs-lazyload\" data-lazyload=\"\/\/www.myweedo.de\/gruene-seiten\/wp-content\/uploads\/2017\/12\/werbebanner-miron.jpg\" data-parallax=\"off\" data-no-retina>\n<!---->\t\t\t\t\t\t<\/rs-slide>\n\t\t\t\t\t\t<rs-slide style=\"position: absolute;\" data-key=\"rs-156\" data-title=\"Slide\" data-link=\"\/\/happybuds.de\/cbd-vape-pens\/?utm_source=weedomagazin&utm_medium=banner&utm_campaign=cbdvapes\" data-target=\"_self\" data-seoz=\"front\" data-duration=\"5000ms\" data-anim=\"ms:300;\" data-in=\"o:0;\" data-out=\"a:false;\">\n\t\t\t\t\t\t\t<img src=\"\/\/www.myweedo.de\/gruene-seiten\/wp-content\/plugins\/revslider\/public\/assets\/assets\/dummy.png\" title=\"Werbebanner-CBD-Vapes\" width=\"1024\" height=\"495\" class=\"rev-slidebg tp-rs-img rs-lazyload\" data-lazyload=\"\/\/www.myweedo.de\/gruene-seiten\/wp-content\/uploads\/2017\/12\/Werbebanner-CBD-Vapes.jpg\" data-parallax=\"off\" data-no-retina>\n<!---->\t\t\t\t\t\t<\/rs-slide>\n\t\t\t\t\t<\/rs-slides>\n\t\t\t\t<\/rs-module>\n\t\t\t\t<script type=\"text\/javascript\">\n\t\t\t\t\tsetREVStartSize({c: 'rev_slider_11_2',rl:[1240,1024,778,480],el:[600],gw:[1240],gh:[600],type:'standard',justify:'',layout:'fullwidth',mh:\"0\"});if (window.RS_MODULES!==undefined && window.RS_MODULES.modules!==undefined && window.RS_MODULES.modules[\"revslider112\"]!==undefined) {window.RS_MODULES.modules[\"revslider112\"].once = false;window.revapi11 = undefined;if (window.RS_MODULES.checkMinimal!==undefined) window.RS_MODULES.checkMinimal()}\n\t\t\t\t<\/script>\n\t\t\t<\/rs-module-wrap>\n\t\t\t<!-- END REVOLUTION SLIDER -->\n\n","protected":false},"excerpt":{"rendered":"<p>Der Autor dieses Artikels lebt mit dem Asperger-Syndrom, einer hochfunktionalen Form von Autismus. Seine pers\u00f6nlichen Erfahrungen mit verschiedenen Formen von Cannabis, die er bez\u00fcglich seiner Symptome als lindernd empfand, werden von den hier angef\u00fchrten Studien scheinbar statistisch untermauert. Wir empfehlen dennoch, vor der Aufnahme einer Behandlung einen Arzt aufzusuchen, um sich bez\u00fcglich der medizinischen Folgen, [&hellip;]<\/p>\n","protected":false},"author":5606,"featured_media":9063,"comment_status":"open","ping_status":"open","sticky":false,"template":"","format":"standard","meta":[],"categories":[234],"tags":[2312],"yoast_head":"<!-- This site is optimized with the Yoast SEO Premium plugin v19.7 (Yoast SEO v19.14) - https:\/\/yoast.com\/wordpress\/plugins\/seo\/ -->\n<title>Die Hoffnung im Nebel: Neue Studien zu Cannabis bei Autismus - Weedo<\/title>\n<meta name=\"description\" content=\"Was genau ist eigentlich eine Autismus-Spektrum-St\u00f6rung? Und was hat Cannabis damit zu tun? Aktuelle Studien legen einen Zusammenhang nahe.\" \/>\n<meta name=\"robots\" content=\"index, follow, max-snippet:-1, max-image-preview:large, max-video-preview:-1\" \/>\n<link rel=\"canonical\" href=\"https:\/\/www.myweedo.de\/gruene-seiten\/gesundheit\/hoffnung-im-nebel-neue-studien-cannabis-autismus\/\" \/>\n<meta property=\"og:locale\" content=\"de_DE\" \/>\n<meta property=\"og:type\" content=\"article\" \/>\n<meta property=\"og:title\" content=\"Die Hoffnung im Nebel: Neue Studien zu Cannabis bei Autismus\" \/>\n<meta property=\"og:description\" content=\"Was genau ist eigentlich eine Autismus-Spektrum-St\u00f6rung? Und was hat Cannabis damit zu tun? Aktuelle Studien legen einen Zusammenhang nahe.\" \/>\n<meta property=\"og:url\" content=\"https:\/\/www.myweedo.de\/gruene-seiten\/gesundheit\/hoffnung-im-nebel-neue-studien-cannabis-autismus\/\" \/>\n<meta property=\"og:site_name\" content=\"Weedo\" \/>\n<meta property=\"article:publisher\" content=\"https:\/\/www.facebook.com\/myweedo\/\" \/>\n<meta property=\"article:published_time\" content=\"2019-03-30T18:21:28+00:00\" \/>\n<meta property=\"article:modified_time\" content=\"2019-06-16T11:01:33+00:00\" \/>\n<meta property=\"og:image\" content=\"https:\/\/www.myweedo.de\/gruene-seiten\/wp-content\/uploads\/2019\/03\/Autismus-CBD.jpg\" \/>\n\t<meta property=\"og:image:width\" content=\"800\" \/>\n\t<meta property=\"og:image:height\" content=\"533\" \/>\n\t<meta property=\"og:image:type\" content=\"image\/jpeg\" \/>\n<meta name=\"author\" content=\"Ralf\" \/>\n<meta name=\"twitter:card\" content=\"summary_large_image\" \/>\n<meta name=\"twitter:creator\" content=\"@myweedo\" \/>\n<meta name=\"twitter:site\" content=\"@myweedo\" \/>\n<meta name=\"twitter:label1\" content=\"Verfasst von\" \/>\n\t<meta name=\"twitter:data1\" content=\"Ralf\" \/>\n\t<meta name=\"twitter:label2\" content=\"Gesch\u00e4tzte Lesezeit\" \/>\n\t<meta name=\"twitter:data2\" content=\"4\u00a0Minuten\" \/>\n<script type=\"application\/ld+json\" class=\"yoast-schema-graph\">{\"@context\":\"https:\/\/schema.org\",\"@graph\":[{\"@type\":\"WebPage\",\"@id\":\"https:\/\/www.myweedo.de\/gruene-seiten\/gesundheit\/hoffnung-im-nebel-neue-studien-cannabis-autismus\/\",\"url\":\"https:\/\/www.myweedo.de\/gruene-seiten\/gesundheit\/hoffnung-im-nebel-neue-studien-cannabis-autismus\/\",\"name\":\"Die Hoffnung im Nebel: Neue Studien zu Cannabis bei Autismus - Weedo\",\"isPartOf\":{\"@id\":\"https:\/\/www.myweedo.de\/gruene-seiten\/#website\"},\"datePublished\":\"2019-03-30T18:21:28+00:00\",\"dateModified\":\"2019-06-16T11:01:33+00:00\",\"author\":{\"@id\":\"https:\/\/www.myweedo.de\/gruene-seiten\/#\/schema\/person\/80307f196ea1cd173eaa423e8b69f8ed\"},\"description\":\"Was genau ist eigentlich eine Autismus-Spektrum-St\u00f6rung? Und was hat Cannabis damit zu tun? Aktuelle Studien legen einen Zusammenhang nahe.\",\"breadcrumb\":{\"@id\":\"https:\/\/www.myweedo.de\/gruene-seiten\/gesundheit\/hoffnung-im-nebel-neue-studien-cannabis-autismus\/#breadcrumb\"},\"inLanguage\":\"de\",\"potentialAction\":[{\"@type\":\"ReadAction\",\"target\":[\"https:\/\/www.myweedo.de\/gruene-seiten\/gesundheit\/hoffnung-im-nebel-neue-studien-cannabis-autismus\/\"]}]},{\"@type\":\"BreadcrumbList\",\"@id\":\"https:\/\/www.myweedo.de\/gruene-seiten\/gesundheit\/hoffnung-im-nebel-neue-studien-cannabis-autismus\/#breadcrumb\",\"itemListElement\":[{\"@type\":\"ListItem\",\"position\":1,\"name\":\"Startseite\",\"item\":\"https:\/\/www.myweedo.de\/gruene-seiten\/\"},{\"@type\":\"ListItem\",\"position\":2,\"name\":\"Die Hoffnung im Nebel: Neue Studien zu Cannabis bei Autismus\"}]},{\"@type\":\"WebSite\",\"@id\":\"https:\/\/www.myweedo.de\/gruene-seiten\/#website\",\"url\":\"https:\/\/www.myweedo.de\/gruene-seiten\/\",\"name\":\"Weedo\",\"description\":\"Cannabis Lifestyle\",\"potentialAction\":[{\"@type\":\"SearchAction\",\"target\":{\"@type\":\"EntryPoint\",\"urlTemplate\":\"https:\/\/www.myweedo.de\/gruene-seiten\/?s={search_term_string}\"},\"query-input\":\"required name=search_term_string\"}],\"inLanguage\":\"de\"},{\"@type\":\"Person\",\"@id\":\"https:\/\/www.myweedo.de\/gruene-seiten\/#\/schema\/person\/80307f196ea1cd173eaa423e8b69f8ed\",\"name\":\"Ralf\",\"image\":{\"@type\":\"ImageObject\",\"inLanguage\":\"de\",\"@id\":\"https:\/\/www.myweedo.de\/gruene-seiten\/#\/schema\/person\/image\/\",\"url\":\"https:\/\/secure.gravatar.com\/avatar\/4c44c254de3aef772712338e6ebaec0f?s=96&d=mm&r=g\",\"contentUrl\":\"https:\/\/secure.gravatar.com\/avatar\/4c44c254de3aef772712338e6ebaec0f?s=96&d=mm&r=g\",\"caption\":\"Ralf\"},\"description\":\"Ralf ist Content Creator aus Leidenschaft, mit mehrj\u00e4hriger Erfahrung in Marketing, Medien und IT. Als hochfunktionaler Autist, der mit Cannabis gute Erfahrungen gemacht hat, ist ihm die Erforschung von und Aufkl\u00e4rung \u00fcber Cannabisprodukte auch ein pers\u00f6nliches Anliegen.\",\"url\":\"https:\/\/www.myweedo.de\/gruene-seiten\/author\/dante\/\"}]}<\/script>\n<!-- \/ Yoast SEO Premium plugin. -->","yoast_head_json":{"title":"Die Hoffnung im Nebel: Neue Studien zu Cannabis bei Autismus - Weedo","description":"Was genau ist eigentlich eine Autismus-Spektrum-St\u00f6rung? Und was hat Cannabis damit zu tun? Aktuelle Studien legen einen Zusammenhang nahe.","robots":{"index":"index","follow":"follow","max-snippet":"max-snippet:-1","max-image-preview":"max-image-preview:large","max-video-preview":"max-video-preview:-1"},"canonical":"https:\/\/www.myweedo.de\/gruene-seiten\/gesundheit\/hoffnung-im-nebel-neue-studien-cannabis-autismus\/","og_locale":"de_DE","og_type":"article","og_title":"Die Hoffnung im Nebel: Neue Studien zu Cannabis bei Autismus","og_description":"Was genau ist eigentlich eine Autismus-Spektrum-St\u00f6rung? Und was hat Cannabis damit zu tun? Aktuelle Studien legen einen Zusammenhang nahe.","og_url":"https:\/\/www.myweedo.de\/gruene-seiten\/gesundheit\/hoffnung-im-nebel-neue-studien-cannabis-autismus\/","og_site_name":"Weedo","article_publisher":"https:\/\/www.facebook.com\/myweedo\/","article_published_time":"2019-03-30T18:21:28+00:00","article_modified_time":"2019-06-16T11:01:33+00:00","og_image":[{"width":800,"height":533,"url":"https:\/\/www.myweedo.de\/gruene-seiten\/wp-content\/uploads\/2019\/03\/Autismus-CBD.jpg","type":"image\/jpeg"}],"author":"Ralf","twitter_card":"summary_large_image","twitter_creator":"@myweedo","twitter_site":"@myweedo","twitter_misc":{"Verfasst von":"Ralf","Gesch\u00e4tzte Lesezeit":"4\u00a0Minuten"},"schema":{"@context":"https:\/\/schema.org","@graph":[{"@type":"WebPage","@id":"https:\/\/www.myweedo.de\/gruene-seiten\/gesundheit\/hoffnung-im-nebel-neue-studien-cannabis-autismus\/","url":"https:\/\/www.myweedo.de\/gruene-seiten\/gesundheit\/hoffnung-im-nebel-neue-studien-cannabis-autismus\/","name":"Die Hoffnung im Nebel: Neue Studien zu Cannabis bei Autismus - Weedo","isPartOf":{"@id":"https:\/\/www.myweedo.de\/gruene-seiten\/#website"},"datePublished":"2019-03-30T18:21:28+00:00","dateModified":"2019-06-16T11:01:33+00:00","author":{"@id":"https:\/\/www.myweedo.de\/gruene-seiten\/#\/schema\/person\/80307f196ea1cd173eaa423e8b69f8ed"},"description":"Was genau ist eigentlich eine Autismus-Spektrum-St\u00f6rung? Und was hat Cannabis damit zu tun? Aktuelle Studien legen einen Zusammenhang nahe.","breadcrumb":{"@id":"https:\/\/www.myweedo.de\/gruene-seiten\/gesundheit\/hoffnung-im-nebel-neue-studien-cannabis-autismus\/#breadcrumb"},"inLanguage":"de","potentialAction":[{"@type":"ReadAction","target":["https:\/\/www.myweedo.de\/gruene-seiten\/gesundheit\/hoffnung-im-nebel-neue-studien-cannabis-autismus\/"]}]},{"@type":"BreadcrumbList","@id":"https:\/\/www.myweedo.de\/gruene-seiten\/gesundheit\/hoffnung-im-nebel-neue-studien-cannabis-autismus\/#breadcrumb","itemListElement":[{"@type":"ListItem","position":1,"name":"Startseite","item":"https:\/\/www.myweedo.de\/gruene-seiten\/"},{"@type":"ListItem","position":2,"name":"Die Hoffnung im Nebel: Neue Studien zu Cannabis bei Autismus"}]},{"@type":"WebSite","@id":"https:\/\/www.myweedo.de\/gruene-seiten\/#website","url":"https:\/\/www.myweedo.de\/gruene-seiten\/","name":"Weedo","description":"Cannabis Lifestyle","potentialAction":[{"@type":"SearchAction","target":{"@type":"EntryPoint","urlTemplate":"https:\/\/www.myweedo.de\/gruene-seiten\/?s={search_term_string}"},"query-input":"required name=search_term_string"}],"inLanguage":"de"},{"@type":"Person","@id":"https:\/\/www.myweedo.de\/gruene-seiten\/#\/schema\/person\/80307f196ea1cd173eaa423e8b69f8ed","name":"Ralf","image":{"@type":"ImageObject","inLanguage":"de","@id":"https:\/\/www.myweedo.de\/gruene-seiten\/#\/schema\/person\/image\/","url":"https:\/\/secure.gravatar.com\/avatar\/4c44c254de3aef772712338e6ebaec0f?s=96&d=mm&r=g","contentUrl":"https:\/\/secure.gravatar.com\/avatar\/4c44c254de3aef772712338e6ebaec0f?s=96&d=mm&r=g","caption":"Ralf"},"description":"Ralf ist Content Creator aus Leidenschaft, mit mehrj\u00e4hriger Erfahrung in Marketing, Medien und IT. Als hochfunktionaler Autist, der mit Cannabis gute Erfahrungen gemacht hat, ist ihm die Erforschung von und Aufkl\u00e4rung \u00fcber Cannabisprodukte auch ein pers\u00f6nliches Anliegen.","url":"https:\/\/www.myweedo.de\/gruene-seiten\/author\/dante\/"}]}},"_links":{"self":[{"href":"https:\/\/www.myweedo.de\/gruene-seiten\/wp-json\/wp\/v2\/posts\/8994"}],"collection":[{"href":"https:\/\/www.myweedo.de\/gruene-seiten\/wp-json\/wp\/v2\/posts"}],"about":[{"href":"https:\/\/www.myweedo.de\/gruene-seiten\/wp-json\/wp\/v2\/types\/post"}],"author":[{"embeddable":true,"href":"https:\/\/www.myweedo.de\/gruene-seiten\/wp-json\/wp\/v2\/users\/5606"}],"replies":[{"embeddable":true,"href":"https:\/\/www.myweedo.de\/gruene-seiten\/wp-json\/wp\/v2\/comments?post=8994"}],"version-history":[{"count":5,"href":"https:\/\/www.myweedo.de\/gruene-seiten\/wp-json\/wp\/v2\/posts\/8994\/revisions"}],"predecessor-version":[{"id":10714,"href":"https:\/\/www.myweedo.de\/gruene-seiten\/wp-json\/wp\/v2\/posts\/8994\/revisions\/10714"}],"wp:featuredmedia":[{"embeddable":true,"href":"https:\/\/www.myweedo.de\/gruene-seiten\/wp-json\/wp\/v2\/media\/9063"}],"wp:attachment":[{"href":"https:\/\/www.myweedo.de\/gruene-seiten\/wp-json\/wp\/v2\/media?parent=8994"}],"wp:term":[{"taxonomy":"category","embeddable":true,"href":"https:\/\/www.myweedo.de\/gruene-seiten\/wp-json\/wp\/v2\/categories?post=8994"},{"taxonomy":"post_tag","embeddable":true,"href":"https:\/\/www.myweedo.de\/gruene-seiten\/wp-json\/wp\/v2\/tags?post=8994"}],"curies":[{"name":"wp","href":"https:\/\/api.w.org\/{rel}","templated":true}]}}