{"id":33009,"date":"2023-08-09T13:08:40","date_gmt":"2023-08-09T11:08:40","guid":{"rendered":"https:\/\/www.myweedo.de\/gruene-seiten\/?p=33009"},"modified":"2023-10-31T12:05:54","modified_gmt":"2023-10-31T11:05:54","slug":"lauterbach-kampagne-legalisierung","status":"publish","type":"post","link":"https:\/\/www.myweedo.de\/gruene-seiten\/politik\/lauterbach-kampagne-legalisierung\/","title":{"rendered":"Lauterbach plant Aufkl\u00e4rungskampagne zur geplanten Cannabis-Legalisierung"},"content":{"rendered":"\n<p><strong>Das Bundeskabinett wird sich voraussichtlich n\u00e4chste Woche mit einem Gesetzentwurf zur Legalisierung von Cannabis auseinandersetzen. Im Zuge dieser potenziellen Gesetzes\u00e4nderung hat Bundesgesundheitsminister Karl Lauterbach (SPD) eine Aufkl\u00e4rungskampagne angek\u00fcndigt. Der Schwerpunkt dieser Kampagne wird darauf liegen, Jugendliche und junge Erwachsene \u00fcber die potenziellen Risiken des Cannabis-Konsums zu informieren.<\/strong><\/p>\n\n\n\n<p>\u201eIch will erreichen, dass wir den <a href=\"https:\/\/www.myweedo.de\/gruene-seiten\/politik\/trotz-legalisierung-jugendliche-kiffen-weniger\/\">Cannabis-Konsum bei Jugendlichen<\/a> zur\u00fcckdr\u00e4ngen und ihn f\u00fcr die, die konsumieren wollen, sicherer machen\u201c, erkl\u00e4rte Lauterbach in einem Interview mit der \u201eRheinischen Post\u201c. Die Warn-Kampagne soll parallel zur <a href=\"https:\/\/www.bundesgesundheitsministerium.de\/fileadmin\/Dateien\/3_Downloads\/Gesetze_und_Verordnungen\/GuV\/C\/Cannabisgesetz-CanG_RefE.pdf\" target=\"_blank\" rel=\"noreferrer noopener\">geplanten Gesetzgebung<\/a> gestartet werden.<\/p>\n\n\n\n<p>Lauterbach betonte die potenziellen negativen Auswirkungen des Cannabis-Konsums auf das sich entwickelnde Gehirn junger Menschen. Er wies darauf hin, dass das menschliche Gehirn bis zum Alter von 25 Jahren weiterhin eine Art &#8222;Entwicklung&#8220; durchl\u00e4uft. Ein Konsum in dieser Lebensphase k\u00f6nne besonders sch\u00e4dlich sein.<\/p>\n\n\n\n\n\t\t\t<!-- START grinder REVOLUTION SLIDER 6.5.6 --><p class=\"rs-p-wp-fix\"><\/p>\n\t\t\t<rs-module-wrap id=\"rev_slider_16_1_wrapper\" data-source=\"gallery\" style=\"visibility:hidden;background:transparent;padding:0;margin:0px auto;margin-top:20;margin-bottom:20;max-width:;\">\n\t\t\t\t<rs-module id=\"rev_slider_16_1\" style=\"\" data-version=\"6.5.6\">\n\t\t\t\t\t<rs-slides>\n\t\t\t\t\t\t<rs-slide style=\"position: absolute;\" data-key=\"rs-155\" data-title=\"Slide\" data-link=\"\/\/happybuds.de\/cbd-vape-pens\/?utm_source=weedomagazin&utm_medium=banner&utm_campaign=cbdvapes\" data-target=\"_self\" data-seoz=\"front\" data-duration=\"5000ms\" data-anim=\"ms:300;\" data-in=\"o:0;\" data-out=\"a:false;\">\n\t\t\t\t\t\t\t<img src=\"\/\/www.myweedo.de\/gruene-seiten\/wp-content\/plugins\/revslider\/public\/assets\/assets\/dummy.png\" title=\"Werbebanner-CBD-Vapes\" width=\"1024\" height=\"495\" class=\"rev-slidebg tp-rs-img rs-lazyload\" data-lazyload=\"\/\/www.myweedo.de\/gruene-seiten\/wp-content\/uploads\/2017\/12\/Werbebanner-CBD-Vapes.jpg\" data-parallax=\"off\" data-no-retina>\n<!---->\t\t\t\t\t\t<\/rs-slide>\n\t\t\t\t\t\t<rs-slide style=\"position: absolute;\" data-key=\"rs-135\" data-title=\"Slide\" data-link=\"\/\/happybuds.de?utm_source=weedomagazin&utm_medium=banner&utm_campaign=happybuds\" data-target=\"_self\" data-seoz=\"front\" data-duration=\"5000ms\" data-anim=\"ms:300;\" data-in=\"o:0;\" data-out=\"a:false;\">\n\t\t\t\t\t\t\t<img src=\"\/\/www.myweedo.de\/gruene-seiten\/wp-content\/plugins\/revslider\/public\/assets\/assets\/dummy.png\" title=\"Werbebanner-HappyBuds\" width=\"1024\" height=\"495\" class=\"rev-slidebg tp-rs-img rs-lazyload\" data-lazyload=\"\/\/www.myweedo.de\/gruene-seiten\/wp-content\/uploads\/2017\/12\/Werbebanner-HappyBuds.jpg\" data-parallax=\"off\" data-no-retina>\n<!---->\t\t\t\t\t\t<\/rs-slide>\n\t\t\t\t\t\t<rs-slide style=\"position: absolute;\" data-key=\"rs-169\" data-title=\"Slide\" data-link=\"\/\/holy-hemp.de?utm_source=weedomagazin&utm_medium=banner&utm_campaign=cannabissamen\" data-target=\"_self\" data-seoz=\"front\" data-duration=\"5000ms\" data-anim=\"ms:300;\" data-in=\"o:0;\" data-out=\"a:false;\">\n\t\t\t\t\t\t\t<img src=\"\/\/www.myweedo.de\/gruene-seiten\/wp-content\/plugins\/revslider\/public\/assets\/assets\/dummy.png\" alt=\"Cannabissamen Holy Hemp\" title=\"Werbebanner-Weedo-HolyHemp\" width=\"1024\" height=\"495\" class=\"rev-slidebg tp-rs-img rs-lazyload\" data-lazyload=\"\/\/www.myweedo.de\/gruene-seiten\/wp-content\/uploads\/2017\/12\/Werbebanner-Weedo-HolyHemp.jpg\" data-parallax=\"off\" data-no-retina>\n<!---->\t\t\t\t\t\t<\/rs-slide>\n\t\t\t\t\t<\/rs-slides>\n\t\t\t\t\t<rs-static-layers><!--\n\t\t\t\t\t--><\/rs-static-layers>\n\t\t\t\t<\/rs-module>\n\t\t\t\t<script type=\"text\/javascript\">\n\t\t\t\t\tsetREVStartSize({c: 'rev_slider_16_1',rl:[1240,1024,778,480],el:[600],gw:[1240],gh:[600],type:'standard',justify:'',layout:'fullwidth',mh:\"0\"});if (window.RS_MODULES!==undefined && window.RS_MODULES.modules!==undefined && window.RS_MODULES.modules[\"revslider161\"]!==undefined) {window.RS_MODULES.modules[\"revslider161\"].once = false;window.revapi16 = undefined;if (window.RS_MODULES.checkMinimal!==undefined) window.RS_MODULES.checkMinimal()}\n\t\t\t\t<\/script>\n\t\t\t<\/rs-module-wrap>\n\t\t\t<!-- END REVOLUTION SLIDER -->\n\n\n\n\n<h2 id=\"h-besitz-und-privater-anbau-sollen-in-grenzen-erlaubt-werden\">Besitz und privater Anbau sollen in Grenzen erlaubt werden<\/h2>\n\n\n\n<p>Im Hinblick auf den Gesetzentwurf seines Ministeriums zur Freigabe von Cannabis, erkl\u00e4rte Lauterbach, dass es vor einer endg\u00fcltigen Entscheidung &#8222;noch kleine \u00c4nderungen&#8220; geben werde, ohne jedoch ins Detail zu gehen.<\/p>\n\n\n\n<p>Gem\u00e4\u00df den <a href=\"https:\/\/www.myweedo.de\/gruene-seiten\/politik\/bundespressekonferenz-cannabislegalisierung\/\">aktuellen Pl\u00e4nen<\/a> wird der private Besitz von bis zu 25 Gramm Cannabis und der Anbau von drei Hanfpflanzen f\u00fcr den Eigenbedarf legalisiert. Dar\u00fcber hinaus d\u00fcrfen Clubs und Vereine Cannabis f\u00fcr ihre Mitglieder anbauen. All diese Regelungen sind jedoch ausschlie\u00dflich f\u00fcr Erwachsene ab 18 Jahren vorgesehen. \u00dcber den bundesweiten Verkauf in lizenzierten Gesch\u00e4ften, wie im Koalitionsvertrag der Ampel-Parteien festgelegt, soll dieses Jahr ebenfalls noch diskutiert werden.<\/p>\n\n\n\n\n\t\t\t<!-- START Phenopen REVOLUTION SLIDER 6.5.6 --><p class=\"rs-p-wp-fix\"><\/p>\n\t\t\t<rs-module-wrap id=\"rev_slider_12_2_wrapper\" data-source=\"gallery\" style=\"visibility:hidden;background:transparent;padding:0;margin:0px auto;margin-top:20;margin-bottom:20;max-width:;\">\n\t\t\t\t<rs-module id=\"rev_slider_12_2\" style=\"\" data-version=\"6.5.6\">\n\t\t\t\t\t<rs-slides>\n\t\t\t\t\t\t<rs-slide style=\"position: absolute;\" data-key=\"rs-171\" data-title=\"Slide\" data-link=\"\/\/holy-hemp.de?utm_source=weedomagazin&utm_medium=banner&utm_campaign=cannabissamen\" data-target=\"_self\" data-seoz=\"front\" data-duration=\"5000ms\" data-anim=\"ms:300;\" data-in=\"o:0;\" data-out=\"a:false;\">\n\t\t\t\t\t\t\t<img src=\"\/\/www.myweedo.de\/gruene-seiten\/wp-content\/plugins\/revslider\/public\/assets\/assets\/dummy.png\" alt=\"Cannabissamen Holy Hemp\" title=\"Werbebanner-Weedo-HolyHemp\" width=\"1024\" height=\"495\" class=\"rev-slidebg tp-rs-img rs-lazyload\" data-lazyload=\"\/\/www.myweedo.de\/gruene-seiten\/wp-content\/uploads\/2017\/12\/Werbebanner-Weedo-HolyHemp.jpg\" data-parallax=\"off\" data-no-retina>\n<!---->\t\t\t\t\t\t<\/rs-slide>\n\t\t\t\t\t\t<rs-slide style=\"position: absolute;\" data-key=\"rs-65\" data-title=\"Slide\" data-link=\"\/\/www.amazon.de\/gp\/product\/B07HQWG568\/ref=as_li_qf_asin_il_tl?ie=UTF8&tag=weedo07-21&creative=6742&linkCode=as2&creativeASIN=B07HQWG568&linkId=5bbf54f3427e777eaa21fab0d97897b8\" data-target=\"_self\" data-seoz=\"front\" data-duration=\"5000ms\" data-anim=\"ms:300;\" data-in=\"o:0;\" data-out=\"a:false;\">\n\t\t\t\t\t\t\t<img src=\"\/\/www.myweedo.de\/gruene-seiten\/wp-content\/plugins\/revslider\/public\/assets\/assets\/dummy.png\" title=\"Werbebanner-phenopen\" width=\"1024\" height=\"495\" class=\"rev-slidebg tp-rs-img rs-lazyload\" data-lazyload=\"\/\/www.myweedo.de\/gruene-seiten\/wp-content\/uploads\/2017\/12\/Werbebanner-phenopen.jpg\" data-parallax=\"off\" data-no-retina>\n<!---->\t\t\t\t\t\t<\/rs-slide>\n\t\t\t\t\t\t<rs-slide style=\"position: absolute;\" data-key=\"rs-110\" data-title=\"Slide\" data-link=\"\/\/hempcrew.de\/produkte\/cbd-oele\/?utm_source=weedomagazin&utm_medium=slider&utm_campaign=cbdoele\" data-target=\"_self\" data-seoz=\"front\" data-duration=\"5000ms\" data-anim=\"ms:300;\" data-in=\"o:0;\" data-out=\"a:false;\">\n\t\t\t\t\t\t\t<img src=\"\/\/www.myweedo.de\/gruene-seiten\/wp-content\/plugins\/revslider\/public\/assets\/assets\/dummy.png\" title=\"Werbebanner-CBD-\u00d6le\" width=\"1024\" height=\"495\" class=\"rev-slidebg tp-rs-img rs-lazyload\" data-lazyload=\"\/\/www.myweedo.de\/gruene-seiten\/wp-content\/uploads\/2017\/12\/Werbebanner-CBD-Oele.jpg\" data-parallax=\"off\" data-no-retina>\n<!---->\t\t\t\t\t\t<\/rs-slide>\n\t\t\t\t\t\t<rs-slide style=\"position: absolute;\" data-key=\"rs-120\" data-title=\"Slide\" data-link=\"\/\/www.myweedo.de\/dutch-harvest\" data-target=\"_self\" data-seoz=\"front\" data-duration=\"5000ms\" data-anim=\"ms:300;\" data-in=\"o:0;\" data-out=\"a:false;\">\n\t\t\t\t\t\t\t<img src=\"\/\/www.myweedo.de\/gruene-seiten\/wp-content\/plugins\/revslider\/public\/assets\/assets\/dummy.png\" title=\"werbebanner-durch-harvest\" width=\"1240\" height=\"600\" class=\"rev-slidebg tp-rs-img rs-lazyload\" data-lazyload=\"\/\/www.myweedo.de\/gruene-seiten\/wp-content\/uploads\/2017\/12\/werbebanner-durch-harvest.jpg\" data-parallax=\"off\" data-no-retina>\n<!---->\t\t\t\t\t\t<\/rs-slide>\n\t\t\t\t\t\t<rs-slide style=\"position: absolute;\" data-key=\"rs-157\" data-title=\"Slide\" data-link=\"\/\/happybuds.de\/cbd-vape-pens\/?utm_source=weedomagazin&utm_medium=banner&utm_campaign=cbdvapes\" data-target=\"_self\" data-seoz=\"front\" data-duration=\"5000ms\" data-anim=\"ms:300;\" data-in=\"o:0;\" data-out=\"a:false;\">\n\t\t\t\t\t\t\t<img src=\"\/\/www.myweedo.de\/gruene-seiten\/wp-content\/plugins\/revslider\/public\/assets\/assets\/dummy.png\" title=\"Werbebanner-CBD-Vapes\" width=\"1024\" height=\"495\" class=\"rev-slidebg tp-rs-img rs-lazyload\" data-lazyload=\"\/\/www.myweedo.de\/gruene-seiten\/wp-content\/uploads\/2017\/12\/Werbebanner-CBD-Vapes.jpg\" data-parallax=\"off\" data-no-retina>\n<!---->\t\t\t\t\t\t<\/rs-slide>\n\t\t\t\t\t<\/rs-slides>\n\t\t\t\t<\/rs-module>\n\t\t\t\t<script type=\"text\/javascript\">\n\t\t\t\t\tsetREVStartSize({c: 'rev_slider_12_2',rl:[1240,1024,778,480],el:[600],gw:[1240],gh:[600],type:'standard',justify:'',layout:'fullwidth',mh:\"0\"});if (window.RS_MODULES!==undefined && window.RS_MODULES.modules!==undefined && window.RS_MODULES.modules[\"revslider122\"]!==undefined) {window.RS_MODULES.modules[\"revslider122\"].once = false;window.revapi12 = undefined;if (window.RS_MODULES.checkMinimal!==undefined) window.RS_MODULES.checkMinimal()}\n\t\t\t\t<\/script>\n\t\t\t<\/rs-module-wrap>\n\t\t\t<!-- END REVOLUTION SLIDER -->\n\n","protected":false},"excerpt":{"rendered":"<p>Das Bundeskabinett wird sich voraussichtlich n\u00e4chste Woche mit einem Gesetzentwurf zur Legalisierung von Cannabis auseinandersetzen. Im Zuge dieser potenziellen Gesetzes\u00e4nderung hat Bundesgesundheitsminister Karl Lauterbach (SPD) eine Aufkl\u00e4rungskampagne angek\u00fcndigt. Der Schwerpunkt dieser Kampagne wird darauf liegen, Jugendliche und junge Erwachsene \u00fcber die potenziellen Risiken des Cannabis-Konsums zu informieren. \u201eIch will erreichen, dass wir den Cannabis-Konsum bei [&hellip;]<\/p>\n","protected":false},"author":5747,"featured_media":33012,"comment_status":"open","ping_status":"open","sticky":false,"template":"","format":"standard","meta":[],"categories":[233],"tags":[],"yoast_head":"<!-- This site is optimized with the Yoast SEO Premium plugin v19.7 (Yoast SEO v19.14) - https:\/\/yoast.com\/wordpress\/plugins\/seo\/ -->\n<title>Lauterbach plant Kampagne zur geplanten Cannabis-Legalisierung<\/title>\n<meta name=\"description\" content=\"Im Zuge der Gesetzes\u00e4nderung zur geplanten Cannabis-Legalisierung hat Karl Lauterbach (SPD) eine Kampagne zur Aufkl\u00e4rung angek\u00fcndigt.\" \/>\n<meta name=\"robots\" content=\"index, follow, max-snippet:-1, max-image-preview:large, max-video-preview:-1\" \/>\n<link rel=\"canonical\" href=\"https:\/\/www.myweedo.de\/gruene-seiten\/politik\/lauterbach-kampagne-legalisierung\/\" \/>\n<meta property=\"og:locale\" content=\"de_DE\" \/>\n<meta property=\"og:type\" content=\"article\" \/>\n<meta property=\"og:title\" content=\"Lauterbach plant Aufkl\u00e4rungskampagne zur geplanten Legalisierung \u2013 Weedo\" \/>\n<meta property=\"og:description\" content=\"Im Zuge der Gesetzes\u00e4nderung zur geplanten Cannabis-Legalisierung hat Karl Lauterbach (SPD) eine Kampagne zur Aufkl\u00e4rung angek\u00fcndigt.\" \/>\n<meta property=\"og:url\" content=\"https:\/\/www.myweedo.de\/gruene-seiten\/politik\/lauterbach-kampagne-legalisierung\/\" \/>\n<meta property=\"og:site_name\" content=\"Weedo\" \/>\n<meta property=\"article:publisher\" content=\"https:\/\/www.facebook.com\/myweedo\/\" \/>\n<meta property=\"article:published_time\" content=\"2023-08-09T11:08:40+00:00\" \/>\n<meta property=\"article:modified_time\" content=\"2023-10-31T11:05:54+00:00\" \/>\n<meta property=\"og:image\" content=\"https:\/\/www.myweedo.de\/gruene-seiten\/wp-content\/uploads\/2023\/08\/Cannabis-Kampagne-Lauterbach.jpg\" \/>\n\t<meta property=\"og:image:width\" content=\"800\" \/>\n\t<meta property=\"og:image:height\" content=\"530\" \/>\n\t<meta property=\"og:image:type\" content=\"image\/jpeg\" \/>\n<meta name=\"author\" content=\"Esra\" \/>\n<meta name=\"twitter:card\" content=\"summary_large_image\" \/>\n<meta name=\"twitter:title\" content=\"Lauterbach plant Aufkl\u00e4rungskampagne zur geplanten Cannabis-Legalisierung\" \/>\n<meta name=\"twitter:creator\" content=\"@myweedo\" \/>\n<meta name=\"twitter:site\" content=\"@myweedo\" \/>\n<meta name=\"twitter:label1\" content=\"Verfasst von\" \/>\n\t<meta name=\"twitter:data1\" content=\"Esra\" \/>\n\t<meta name=\"twitter:label2\" content=\"Gesch\u00e4tzte Lesezeit\" \/>\n\t<meta name=\"twitter:data2\" content=\"2\u00a0Minuten\" \/>\n<script type=\"application\/ld+json\" class=\"yoast-schema-graph\">{\"@context\":\"https:\/\/schema.org\",\"@graph\":[{\"@type\":\"WebPage\",\"@id\":\"https:\/\/www.myweedo.de\/gruene-seiten\/politik\/lauterbach-kampagne-legalisierung\/\",\"url\":\"https:\/\/www.myweedo.de\/gruene-seiten\/politik\/lauterbach-kampagne-legalisierung\/\",\"name\":\"Lauterbach plant Kampagne zur geplanten Cannabis-Legalisierung\",\"isPartOf\":{\"@id\":\"https:\/\/www.myweedo.de\/gruene-seiten\/#website\"},\"datePublished\":\"2023-08-09T11:08:40+00:00\",\"dateModified\":\"2023-10-31T11:05:54+00:00\",\"author\":{\"@id\":\"https:\/\/www.myweedo.de\/gruene-seiten\/#\/schema\/person\/2bc1a99208e195f12e8aeee68b99c70a\"},\"description\":\"Im Zuge der Gesetzes\u00e4nderung zur geplanten Cannabis-Legalisierung hat Karl Lauterbach (SPD) eine Kampagne zur Aufkl\u00e4rung angek\u00fcndigt.\",\"breadcrumb\":{\"@id\":\"https:\/\/www.myweedo.de\/gruene-seiten\/politik\/lauterbach-kampagne-legalisierung\/#breadcrumb\"},\"inLanguage\":\"de\",\"potentialAction\":[{\"@type\":\"ReadAction\",\"target\":[\"https:\/\/www.myweedo.de\/gruene-seiten\/politik\/lauterbach-kampagne-legalisierung\/\"]}]},{\"@type\":\"BreadcrumbList\",\"@id\":\"https:\/\/www.myweedo.de\/gruene-seiten\/politik\/lauterbach-kampagne-legalisierung\/#breadcrumb\",\"itemListElement\":[{\"@type\":\"ListItem\",\"position\":1,\"name\":\"Startseite\",\"item\":\"https:\/\/www.myweedo.de\/gruene-seiten\/\"},{\"@type\":\"ListItem\",\"position\":2,\"name\":\"Lauterbach plant Aufkl\u00e4rungskampagne zur geplanten Cannabis-Legalisierung\"}]},{\"@type\":\"WebSite\",\"@id\":\"https:\/\/www.myweedo.de\/gruene-seiten\/#website\",\"url\":\"https:\/\/www.myweedo.de\/gruene-seiten\/\",\"name\":\"Weedo\",\"description\":\"Cannabis Lifestyle\",\"potentialAction\":[{\"@type\":\"SearchAction\",\"target\":{\"@type\":\"EntryPoint\",\"urlTemplate\":\"https:\/\/www.myweedo.de\/gruene-seiten\/?s={search_term_string}\"},\"query-input\":\"required name=search_term_string\"}],\"inLanguage\":\"de\"},{\"@type\":\"Person\",\"@id\":\"https:\/\/www.myweedo.de\/gruene-seiten\/#\/schema\/person\/2bc1a99208e195f12e8aeee68b99c70a\",\"name\":\"Esra\",\"image\":{\"@type\":\"ImageObject\",\"inLanguage\":\"de\",\"@id\":\"https:\/\/www.myweedo.de\/gruene-seiten\/#\/schema\/person\/image\/\",\"url\":\"https:\/\/secure.gravatar.com\/avatar\/ef3bec8d6ea16ba7f10cd3442970c4f3?s=96&d=mm&r=g\",\"contentUrl\":\"https:\/\/secure.gravatar.com\/avatar\/ef3bec8d6ea16ba7f10cd3442970c4f3?s=96&d=mm&r=g\",\"caption\":\"Esra\"},\"url\":\"https:\/\/www.myweedo.de\/gruene-seiten\/author\/esra\/\"}]}<\/script>\n<!-- \/ Yoast SEO Premium plugin. -->","yoast_head_json":{"title":"Lauterbach plant Kampagne zur geplanten Cannabis-Legalisierung","description":"Im Zuge der Gesetzes\u00e4nderung zur geplanten Cannabis-Legalisierung hat Karl Lauterbach (SPD) eine Kampagne zur Aufkl\u00e4rung angek\u00fcndigt.","robots":{"index":"index","follow":"follow","max-snippet":"max-snippet:-1","max-image-preview":"max-image-preview:large","max-video-preview":"max-video-preview:-1"},"canonical":"https:\/\/www.myweedo.de\/gruene-seiten\/politik\/lauterbach-kampagne-legalisierung\/","og_locale":"de_DE","og_type":"article","og_title":"Lauterbach plant Aufkl\u00e4rungskampagne zur geplanten Legalisierung \u2013 Weedo","og_description":"Im Zuge der Gesetzes\u00e4nderung zur geplanten Cannabis-Legalisierung hat Karl Lauterbach (SPD) eine Kampagne zur Aufkl\u00e4rung angek\u00fcndigt.","og_url":"https:\/\/www.myweedo.de\/gruene-seiten\/politik\/lauterbach-kampagne-legalisierung\/","og_site_name":"Weedo","article_publisher":"https:\/\/www.facebook.com\/myweedo\/","article_published_time":"2023-08-09T11:08:40+00:00","article_modified_time":"2023-10-31T11:05:54+00:00","og_image":[{"width":800,"height":530,"url":"https:\/\/www.myweedo.de\/gruene-seiten\/wp-content\/uploads\/2023\/08\/Cannabis-Kampagne-Lauterbach.jpg","type":"image\/jpeg"}],"author":"Esra","twitter_card":"summary_large_image","twitter_title":"Lauterbach plant Aufkl\u00e4rungskampagne zur geplanten Cannabis-Legalisierung","twitter_creator":"@myweedo","twitter_site":"@myweedo","twitter_misc":{"Verfasst von":"Esra","Gesch\u00e4tzte Lesezeit":"2\u00a0Minuten"},"schema":{"@context":"https:\/\/schema.org","@graph":[{"@type":"WebPage","@id":"https:\/\/www.myweedo.de\/gruene-seiten\/politik\/lauterbach-kampagne-legalisierung\/","url":"https:\/\/www.myweedo.de\/gruene-seiten\/politik\/lauterbach-kampagne-legalisierung\/","name":"Lauterbach plant Kampagne zur geplanten Cannabis-Legalisierung","isPartOf":{"@id":"https:\/\/www.myweedo.de\/gruene-seiten\/#website"},"datePublished":"2023-08-09T11:08:40+00:00","dateModified":"2023-10-31T11:05:54+00:00","author":{"@id":"https:\/\/www.myweedo.de\/gruene-seiten\/#\/schema\/person\/2bc1a99208e195f12e8aeee68b99c70a"},"description":"Im Zuge der Gesetzes\u00e4nderung zur geplanten Cannabis-Legalisierung hat Karl Lauterbach (SPD) eine Kampagne zur Aufkl\u00e4rung angek\u00fcndigt.","breadcrumb":{"@id":"https:\/\/www.myweedo.de\/gruene-seiten\/politik\/lauterbach-kampagne-legalisierung\/#breadcrumb"},"inLanguage":"de","potentialAction":[{"@type":"ReadAction","target":["https:\/\/www.myweedo.de\/gruene-seiten\/politik\/lauterbach-kampagne-legalisierung\/"]}]},{"@type":"BreadcrumbList","@id":"https:\/\/www.myweedo.de\/gruene-seiten\/politik\/lauterbach-kampagne-legalisierung\/#breadcrumb","itemListElement":[{"@type":"ListItem","position":1,"name":"Startseite","item":"https:\/\/www.myweedo.de\/gruene-seiten\/"},{"@type":"ListItem","position":2,"name":"Lauterbach plant Aufkl\u00e4rungskampagne zur geplanten Cannabis-Legalisierung"}]},{"@type":"WebSite","@id":"https:\/\/www.myweedo.de\/gruene-seiten\/#website","url":"https:\/\/www.myweedo.de\/gruene-seiten\/","name":"Weedo","description":"Cannabis Lifestyle","potentialAction":[{"@type":"SearchAction","target":{"@type":"EntryPoint","urlTemplate":"https:\/\/www.myweedo.de\/gruene-seiten\/?s={search_term_string}"},"query-input":"required name=search_term_string"}],"inLanguage":"de"},{"@type":"Person","@id":"https:\/\/www.myweedo.de\/gruene-seiten\/#\/schema\/person\/2bc1a99208e195f12e8aeee68b99c70a","name":"Esra","image":{"@type":"ImageObject","inLanguage":"de","@id":"https:\/\/www.myweedo.de\/gruene-seiten\/#\/schema\/person\/image\/","url":"https:\/\/secure.gravatar.com\/avatar\/ef3bec8d6ea16ba7f10cd3442970c4f3?s=96&d=mm&r=g","contentUrl":"https:\/\/secure.gravatar.com\/avatar\/ef3bec8d6ea16ba7f10cd3442970c4f3?s=96&d=mm&r=g","caption":"Esra"},"url":"https:\/\/www.myweedo.de\/gruene-seiten\/author\/esra\/"}]}},"_links":{"self":[{"href":"https:\/\/www.myweedo.de\/gruene-seiten\/wp-json\/wp\/v2\/posts\/33009"}],"collection":[{"href":"https:\/\/www.myweedo.de\/gruene-seiten\/wp-json\/wp\/v2\/posts"}],"about":[{"href":"https:\/\/www.myweedo.de\/gruene-seiten\/wp-json\/wp\/v2\/types\/post"}],"author":[{"embeddable":true,"href":"https:\/\/www.myweedo.de\/gruene-seiten\/wp-json\/wp\/v2\/users\/5747"}],"replies":[{"embeddable":true,"href":"https:\/\/www.myweedo.de\/gruene-seiten\/wp-json\/wp\/v2\/comments?post=33009"}],"version-history":[{"count":6,"href":"https:\/\/www.myweedo.de\/gruene-seiten\/wp-json\/wp\/v2\/posts\/33009\/revisions"}],"predecessor-version":[{"id":33059,"href":"https:\/\/www.myweedo.de\/gruene-seiten\/wp-json\/wp\/v2\/posts\/33009\/revisions\/33059"}],"wp:featuredmedia":[{"embeddable":true,"href":"https:\/\/www.myweedo.de\/gruene-seiten\/wp-json\/wp\/v2\/media\/33012"}],"wp:attachment":[{"href":"https:\/\/www.myweedo.de\/gruene-seiten\/wp-json\/wp\/v2\/media?parent=33009"}],"wp:term":[{"taxonomy":"category","embeddable":true,"href":"https:\/\/www.myweedo.de\/gruene-seiten\/wp-json\/wp\/v2\/categories?post=33009"},{"taxonomy":"post_tag","embeddable":true,"href":"https:\/\/www.myweedo.de\/gruene-seiten\/wp-json\/wp\/v2\/tags?post=33009"}],"curies":[{"name":"wp","href":"https:\/\/api.w.org\/{rel}","templated":true}]}}