{"id":32184,"date":"2022-09-02T14:48:38","date_gmt":"2022-09-02T12:48:38","guid":{"rendered":"https:\/\/www.myweedo.de\/gruene-seiten\/?p=32184"},"modified":"2023-05-05T10:53:14","modified_gmt":"2023-05-05T08:53:14","slug":"holetschek-scholz-legalisierung-stoppen","status":"publish","type":"post","link":"https:\/\/www.myweedo.de\/gruene-seiten\/politik\/holetschek-scholz-legalisierung-stoppen\/","title":{"rendered":"#AlkoHoletschek dreht auf: Scholz soll Legalisierung stoppen"},"content":{"rendered":"\n<p><strong>Dass in der CSU gerne getrunken wird, ist allgemein bekannt, und sorgt bei Legalisierungsbef\u00fcrwortern regelm\u00e4\u00dfig f\u00fcr Entr\u00fcstung. Schon unsere letzte Drogenbeauftragte, Daniela Ludwig (CSU), hatte aufgrund ihres feucht-fr\u00f6hlichen Konsumverhaltens den Spitznamen Trinkerbell erhalten. Nun hat der Weedmob auf Twitter ein zweites Mal zugeschlagen und dem bayrischen Gesundheitsminister Holetschek einfach ein \u201cAlko\u201d vor den Namen gesetzt.&nbsp;Aus Gr\u00fcnden!<\/strong><\/p>\n\n\n\n<h2 id=\"h-weed-zu-gefahrlich\">Weed zu gef\u00e4hrlich<\/h2>\n\n\n\n<p>Vor einer guten Woche war Bundeskanzler Olaf Scholz nach Magdeburg gereist, um sich bei einem B\u00fcrgertreff den Fragen der Magdeburger zu stellen. Eine tolle Idee, wenn man B\u00fcrgern Sicherheit in die <a href=\"https:\/\/www.myweedo.de\/gruene-seiten\/politik\/superwahljahr-2021-so-stehen-die-spitzenkandidaten-zu-cannabis\/\">politischen Entscheidungen<\/a>, und eine gewisse Beteiligung am politischen Geschehen vermitteln will. Allerdings ist es schwierig, Sicherheit \u00fcberzeugend zu vermitteln, wenn man nicht hinter den Themen steht, die man bespricht. So antwortete Scholz, als er nach der Legalisierung gefragt wurde, er habe sich selbst dazu durchringen m\u00fcssen, die geplante Legalisierung von Cannabis richtig zu finden \u2013 \u00bbweil ich erstens nie gekifft habe\u00ab. Au\u00dferdem glaube er nicht, dass Drogenkonsum keine Konsequenzen f\u00fcr die Gesundheit habe, so der Bundeskanzler im B\u00fcrgerdialog. Na, er muss es ja wissen! Weiter sagt er, er bef\u00fcrworte eine Legalisierung mittlerweile. Zwar gebe es Leute, \u00bbdie sich das Hirn weggekifft haben, und&nbsp;die schwere psychische Sch\u00e4den davongetragen haben, weil sie es sehr&nbsp;\u00fcbertrieben&nbsp;haben\u00ab. Die allermeisten aber h\u00e4tten einen \u00bbhalbwegs gesitteten Umgang\u00ab mit Cannabis. Deshalb solle es nun auch legalisiert werden \u2013 \u00bbund es soll auch ziemlich schnell gehen\u00ab.<\/p>\n\n\n\n\n\t\t\t<!-- START Weedo Shop REVOLUTION SLIDER 6.5.6 --><p class=\"rs-p-wp-fix\"><\/p>\n\t\t\t<rs-module-wrap id=\"rev_slider_2_1_wrapper\" data-source=\"gallery\" style=\"visibility:hidden;background:transparent;padding:0;margin:0px auto;margin-top:20;margin-bottom:20;max-width:;\">\n\t\t\t\t<rs-module id=\"rev_slider_2_1\" style=\"\" data-version=\"6.5.6\">\n\t\t\t\t\t<rs-slides>\n\t\t\t\t\t\t<rs-slide style=\"position: absolute;\" data-key=\"rs-153\" data-title=\"Slide\" data-link=\"\/\/hempcrew.de\/produkte\/wirkkosmetik\/?utm_source=weedomagazin&utm_medium=slider&utm_campaign=sportgele\" data-target=\"_self\" data-seoz=\"front\" data-duration=\"5000ms\" data-anim=\"ms:300;\" data-in=\"o:0;\" data-out=\"a:false;\">\n\t\t\t\t\t\t\t<img src=\"\/\/www.myweedo.de\/gruene-seiten\/wp-content\/plugins\/revslider\/public\/assets\/assets\/dummy.png\" alt=\"CBD Sportgele\" title=\"Werbebanner-sportgele\" width=\"1024\" height=\"495\" class=\"rev-slidebg tp-rs-img rs-lazyload\" data-lazyload=\"\/\/www.myweedo.de\/gruene-seiten\/wp-content\/uploads\/2017\/12\/Werbebanner-sportgele.jpg\" data-parallax=\"off\" data-no-retina>\n<!---->\t\t\t\t\t\t<\/rs-slide>\n\t\t\t\t\t\t<rs-slide style=\"position: absolute;\" data-key=\"rs-172\" data-title=\"Slide\" data-link=\"\/\/holy-hemp.de?utm_source=weedomagazin&utm_medium=banner&utm_campaign=cannabissamen\" data-target=\"_self\" data-seoz=\"front\" data-duration=\"5000ms\" data-anim=\"ms:300;\" data-in=\"o:0;\" data-out=\"a:false;\">\n\t\t\t\t\t\t\t<img src=\"\/\/www.myweedo.de\/gruene-seiten\/wp-content\/plugins\/revslider\/public\/assets\/assets\/dummy.png\" alt=\"Cannabissamen Holy Hemp\" title=\"Werbebanner-Weedo-HolyHemp\" width=\"1024\" height=\"495\" class=\"rev-slidebg tp-rs-img rs-lazyload\" data-lazyload=\"\/\/www.myweedo.de\/gruene-seiten\/wp-content\/uploads\/2017\/12\/Werbebanner-Weedo-HolyHemp.jpg\" data-parallax=\"off\" data-no-retina>\n<!---->\t\t\t\t\t\t<\/rs-slide>\n\t\t\t\t\t<\/rs-slides>\n\t\t\t\t<\/rs-module>\n\t\t\t\t<script type=\"text\/javascript\">\n\t\t\t\t\tsetREVStartSize({c: 'rev_slider_2_1',rl:[1240,1024,778,480],el:[600],gw:[1240],gh:[600],type:'standard',justify:'',layout:'fullwidth',mh:\"0\"});if (window.RS_MODULES!==undefined && window.RS_MODULES.modules!==undefined && window.RS_MODULES.modules[\"revslider21\"]!==undefined) {window.RS_MODULES.modules[\"revslider21\"].once = false;window.revapi2 = undefined;if (window.RS_MODULES.checkMinimal!==undefined) window.RS_MODULES.checkMinimal()}\n\t\t\t\t<\/script>\n\t\t\t<\/rs-module-wrap>\n\t\t\t<!-- END REVOLUTION SLIDER -->\n\n\n\n\n<h2 id=\"h-gesundheitliche-risiken-laut-holetschek-zu-hoch\">Gesundheitliche Risiken laut Holetschek zu hoch<\/h2>\n\n\n\n<p>Hier h\u00f6rt man einen bestenfalls zum Thema schlecht gebildeten, schlimmstenfalls einen unambitionierten Kanzler. Ob er nicht an die vielen Vorteile glaubt, die eine Legalisierung mit sich bringt, oder einfach nichts von Jugend- und Gesundheitsschutz wei\u00df (was zugegebener Ma\u00dfen unwahrscheinlich ist), wissen die G\u00f6tter. Jedenfalls macht sich ein Kanzler ohne feste Argumente f\u00fcr seine Vorhaben angreifbar \u2013 die CDU gr\u00e4tscht nun in eine L\u00fccke, die sperrangelweit offenstand. So postuliert Holetschek selbstzufrieden:&nbsp;&nbsp;\u201cWenn der Kanzler die gro\u00dfen gesundheitlichen Cannabis-Risiken kennt, sollte er jetzt von seiner Richtlinienkompetenz Gebrauch machen und das Legalisierungsvorhaben auf Eis legen.\u00bb Die Hemmschwelle d\u00fcrfe nicht sinken. \u00abGenau diese Gefahr besteht bei der im Berliner Koalitionsvertrag geplanten Abgabe f\u00fcr Genusszwecke\u00bb, sagte Holetschek. \u00abEs ist unverantwortlich, die Gefahren insbesondere f\u00fcr junge Leute durch Cannabis-Konsum zu verharmlosen\u00bb. Auch Holetschek ignoriert vollkommen, dass der <a href=\"https:\/\/www.myweedo.de\/gruene-seiten\/politik\/cannabis-brokkoli-drogenbeauftragte-daniela-ludwig-jugendschutz\/\">Jugend- und Gesundheitsschutz<\/a> Argumente F\u00dcR die Legalisierung sind, und versucht mit dramatischer Bauernf\u00e4ngerei und emotionalisiertem \u201cWir m\u00fcssen die Kinder sch\u00fctzen!\u201d a la Trump wissenschaftliche Fakten mundtot zu machen.<\/p>\n\n\n\n<p>Doch dass psychische Erkrankungen aufgrund von <a href=\"https:\/\/www.myweedo.de\/gruene-seiten\/politik\/drogenbericht-2021\/\">Cannabiskonsum in den letzten Jahren zugenommen haben<\/a>, ist nicht von der Hand zu weisen, und ebenso wenig, dass parallel dazu THC-Wert und Konsum anstiegen. Wagen wir einen Blick in die Statistik.<\/p>\n\n\n\n\n\t\t\t<!-- START hempcrew REVOLUTION SLIDER 6.5.6 --><p class=\"rs-p-wp-fix\"><\/p>\n\t\t\t<rs-module-wrap id=\"rev_slider_13_2_wrapper\" data-source=\"gallery\" style=\"visibility:hidden;background:transparent;padding:0;margin:0px auto;margin-top:0;margin-bottom:0;max-width:;\">\n\t\t\t\t<rs-module id=\"rev_slider_13_2\" style=\"\" data-version=\"6.5.6\">\n\t\t\t\t\t<rs-slides>\n\t\t\t\t\t\t<rs-slide style=\"position: absolute;\" data-key=\"rs-62\" data-title=\"Slide\" data-link=\" \/\/hempcrew.de\/produkte\/cbd-oele\/?utm_source=weedomagazin&utm_medium=slider&utm_campaign=cbdoele\" data-target=\"_self\" data-seoz=\"front\" data-duration=\"5000\" data-anim=\"ms:300;\" data-in=\"o:0;\" data-out=\"a:false;\">\n\t\t\t\t\t\t\t<img src=\"\/\/www.myweedo.de\/gruene-seiten\/wp-content\/plugins\/revslider\/public\/assets\/assets\/dummy.png\" title=\"Werbebanner-CBD-\u00d6le\" width=\"1024\" height=\"495\" class=\"rev-slidebg tp-rs-img rs-lazyload\" data-lazyload=\"\/\/www.myweedo.de\/gruene-seiten\/wp-content\/uploads\/2017\/12\/Werbebanner-CBD-Oele.jpg\" data-parallax=\"off\" data-no-retina>\n<!---->\t\t\t\t\t\t<\/rs-slide>\n\t\t\t\t\t<\/rs-slides>\n\t\t\t\t<\/rs-module>\n\t\t\t\t<script type=\"text\/javascript\">\n\t\t\t\t\tsetREVStartSize({c: 'rev_slider_13_2',rl:[1240,1024,778,480],el:[600],gw:[1240],gh:[600],type:'standard',justify:'',layout:'fullwidth',mh:\"0\"});if (window.RS_MODULES!==undefined && window.RS_MODULES.modules!==undefined && window.RS_MODULES.modules[\"revslider132\"]!==undefined) {window.RS_MODULES.modules[\"revslider132\"].once = false;window.revapi13 = undefined;if (window.RS_MODULES.checkMinimal!==undefined) window.RS_MODULES.checkMinimal()}\n\t\t\t\t<\/script>\n\t\t\t<\/rs-module-wrap>\n\t\t\t<!-- END REVOLUTION SLIDER -->\n\n\n\n\n<h2>Hasch inzwischen doppelt so stark<\/h2>\n\n\n\n<p>Auf eine Anfrage der AFD stellte die Senatsgesundheitsverwaltung interessanten Zahlen zur Verf\u00fcgung. W\u00e4hrend der THC-Wert von beschlagnahmtem Hash im Jahr 2012 noch bei durchschnittlich 10,1% lag, was relativ entspannt ist, hat sich der Wert bis zu diesem Jahr mehr als verdoppelt, und liegt in diesem Jahr bei 20,4%. Auch der THC-Gehalt im Weed ist wahrscheinlich signifikant gestiegen, dies l\u00e4sst sich jedoch leider nicht \u00fcberpr\u00fcfen, da man so klug war, CBD-Bl\u00fcten bei der Erhebung mit einzuschlie\u00dfen. Somit kam man auf einen durchschnittlichen THC-Gehalt von 13,2%, im Gegensatz zu 2012 mit 12,1%. Da 2012 noch kein CBD-Weed im Umlauf war, wird diese Zahl noch nah an der Realit\u00e4t sein. Zieht man in Betracht, dass die st\u00e4rkste Probe aus dem Jahr 2022 ganze 31% THC aufwies, kann man ungef\u00e4hr absch\u00e4tzen, WIE falsch der Vergleichswert sein muss.<\/p>\n\n\n\n<h3>Cannabiskonsum nimmt zu<\/h3>\n\n\n\n<p>Auch beschlagnahmt wurde mehr, was einerseits mit tats\u00e4chlich h\u00f6heren Mengen zu tun haben kann, die im Verkehr sind; genauso gut aber auch mit einer erh\u00f6hten \u00dcberwachung von Delikten. Im Jahr 2011 wurden zwischen 200 und 400kg Cannabis beschlagnahmt; im Jahr 2016 schon zwischen 300 und 700kg, und im letzten Jahr ganze 2300kg. Warum die Werte in den Vorjahren so stark schwanken, war nicht in Erfahrung zu bringen. Die Statistiken der Krankenh\u00e4user sprechen jedoch daf\u00fcr, dass mehr konsumiert wird, oder der THC-Gehalt wirklich eine starke Auswirkung auf die psychischen Nebenwirkungen hat, denn w\u00e4hrend im Jahr 2012 \u201cnur\u201d 735 Personen wegen psychischer Verhaltensst\u00f6rung aufgrund von Cannabinoidkonsum in Behandlung waren, waren es 2017 schon 1001, und 2019 1226. Allerdings werden psychische Erkrankungen, wenn sie diagnostiziert werden, w\u00e4hrend der Behandler vom Patienten wei\u00df, dass er kifft, immer auch als St\u00f6rung durch Cannabisabusus (Cannabisabh\u00e4ngigkeit\/ -missbrauch) gelabelt. Wie viele Patienten, die ihre <a href=\"https:\/\/www.myweedo.de\/gruene-seiten\/gesundheit\/synthetische-cannabinoide-eine-unerkennbare-gefahr\/\">psychische St\u00f6rung<\/a> selbst mit Cannabis behandelt und verbessert haben also in dieser Statistik zu Unrecht als Problemf\u00e4lle auftauchen, steht in den Sternen. Es ist aber gut, zu wissen, dass es so ist.<br><\/p>\n\n\n\n\n\t\t\t<!-- START Artikel2 REVOLUTION SLIDER 6.5.6 --><p class=\"rs-p-wp-fix\"><\/p>\n\t\t\t<rs-module-wrap id=\"rev_slider_11_3_wrapper\" data-source=\"gallery\" style=\"visibility:hidden;background:transparent;padding:0;margin:0px auto;margin-top:20;margin-bottom:20;max-width:;\">\n\t\t\t\t<rs-module id=\"rev_slider_11_3\" style=\"\" data-version=\"6.5.6\">\n\t\t\t\t\t<rs-slides>\n\t\t\t\t\t\t<rs-slide style=\"position: absolute;\" data-key=\"rs-173\" data-title=\"Slide\" data-link=\"\/\/holy-hemp.de?utm_source=weedomagazin&utm_medium=banner&utm_campaign=cannabissamen\" data-target=\"_self\" data-seoz=\"front\" data-duration=\"5000ms\" data-anim=\"ms:300;\" data-in=\"o:0;\" data-out=\"a:false;\">\n\t\t\t\t\t\t\t<img src=\"\/\/www.myweedo.de\/gruene-seiten\/wp-content\/plugins\/revslider\/public\/assets\/assets\/dummy.png\" alt=\"Cannabissamen Holy Hemp\" title=\"Werbebanner-Weedo-HolyHemp\" width=\"1024\" height=\"495\" class=\"rev-slidebg tp-rs-img rs-lazyload\" data-lazyload=\"\/\/www.myweedo.de\/gruene-seiten\/wp-content\/uploads\/2017\/12\/Werbebanner-Weedo-HolyHemp.jpg\" data-parallax=\"off\" data-no-retina>\n<!---->\t\t\t\t\t\t<\/rs-slide>\n\t\t\t\t\t\t<rs-slide style=\"position: absolute;\" data-key=\"rs-55\" data-title=\"Slide\" data-link=\"\/\/happybuds.de?utm_source=weedomagazin&utm_medium=banner&utm_campaign=happybuds\" data-target=\"_self\" data-seoz=\"front\" data-duration=\"5000ms\" data-anim=\"ms:300;\" data-in=\"o:0;\" data-out=\"a:false;\">\n\t\t\t\t\t\t\t<img src=\"\/\/www.myweedo.de\/gruene-seiten\/wp-content\/plugins\/revslider\/public\/assets\/assets\/dummy.png\" title=\"Werbebanner-HappyBuds\" width=\"1024\" height=\"495\" class=\"rev-slidebg tp-rs-img rs-lazyload\" data-lazyload=\"\/\/www.myweedo.de\/gruene-seiten\/wp-content\/uploads\/2017\/12\/Werbebanner-HappyBuds.jpg\" data-parallax=\"off\" data-no-retina>\n<!---->\t\t\t\t\t\t<\/rs-slide>\n\t\t\t\t\t\t<rs-slide style=\"position: absolute;\" data-key=\"rs-121\" data-title=\"Slide\" data-link=\"\/\/www.myweedo.de\/weithalsdose-aus-violettglas-miron\" data-target=\"_self\" data-seoz=\"front\" data-duration=\"5000ms\" data-anim=\"ms:300;\" data-in=\"o:0;\" data-out=\"a:false;\">\n\t\t\t\t\t\t\t<img src=\"\/\/www.myweedo.de\/gruene-seiten\/wp-content\/plugins\/revslider\/public\/assets\/assets\/dummy.png\" title=\"werbebanner-miron\" width=\"1240\" height=\"600\" class=\"rev-slidebg tp-rs-img rs-lazyload\" data-lazyload=\"\/\/www.myweedo.de\/gruene-seiten\/wp-content\/uploads\/2017\/12\/werbebanner-miron.jpg\" data-parallax=\"off\" data-no-retina>\n<!---->\t\t\t\t\t\t<\/rs-slide>\n\t\t\t\t\t\t<rs-slide style=\"position: absolute;\" data-key=\"rs-156\" data-title=\"Slide\" data-link=\"\/\/happybuds.de\/cbd-vape-pens\/?utm_source=weedomagazin&utm_medium=banner&utm_campaign=cbdvapes\" data-target=\"_self\" data-seoz=\"front\" data-duration=\"5000ms\" data-anim=\"ms:300;\" data-in=\"o:0;\" data-out=\"a:false;\">\n\t\t\t\t\t\t\t<img src=\"\/\/www.myweedo.de\/gruene-seiten\/wp-content\/plugins\/revslider\/public\/assets\/assets\/dummy.png\" title=\"Werbebanner-CBD-Vapes\" width=\"1024\" height=\"495\" class=\"rev-slidebg tp-rs-img rs-lazyload\" data-lazyload=\"\/\/www.myweedo.de\/gruene-seiten\/wp-content\/uploads\/2017\/12\/Werbebanner-CBD-Vapes.jpg\" data-parallax=\"off\" data-no-retina>\n<!---->\t\t\t\t\t\t<\/rs-slide>\n\t\t\t\t\t<\/rs-slides>\n\t\t\t\t<\/rs-module>\n\t\t\t\t<script type=\"text\/javascript\">\n\t\t\t\t\tsetREVStartSize({c: 'rev_slider_11_3',rl:[1240,1024,778,480],el:[600],gw:[1240],gh:[600],type:'standard',justify:'',layout:'fullwidth',mh:\"0\"});if (window.RS_MODULES!==undefined && window.RS_MODULES.modules!==undefined && window.RS_MODULES.modules[\"revslider113\"]!==undefined) {window.RS_MODULES.modules[\"revslider113\"].once = false;window.revapi11 = undefined;if (window.RS_MODULES.checkMinimal!==undefined) window.RS_MODULES.checkMinimal()}\n\t\t\t\t<\/script>\n\t\t\t<\/rs-module-wrap>\n\t\t\t<!-- END REVOLUTION SLIDER -->\n\n","protected":false},"excerpt":{"rendered":"<p>Dass in der CSU gerne getrunken wird, ist allgemein bekannt, und sorgt bei Legalisierungsbef\u00fcrwortern regelm\u00e4\u00dfig f\u00fcr Entr\u00fcstung. Schon unsere letzte Drogenbeauftragte, Daniela Ludwig (CSU), hatte aufgrund ihres feucht-fr\u00f6hlichen Konsumverhaltens den Spitznamen Trinkerbell erhalten. Nun hat der Weedmob auf Twitter ein zweites Mal zugeschlagen und dem bayrischen Gesundheitsminister Holetschek einfach ein \u201cAlko\u201d vor den Namen gesetzt.&nbsp;Aus [&hellip;]<\/p>\n","protected":false},"author":5753,"featured_media":32878,"comment_status":"open","ping_status":"open","sticky":false,"template":"","format":"standard","meta":[],"categories":[233],"tags":[],"yoast_head":"<!-- This site is optimized with the Yoast SEO Premium plugin v19.7 (Yoast SEO v19.14) - https:\/\/yoast.com\/wordpress\/plugins\/seo\/ -->\n<title>#AlkoHoletschek dreht auf: Scholz soll Legalisierung stoppen<\/title>\n<meta name=\"description\" content=\"Der Weedmob auf Twitter hat erneut zugeschlagen und dem bayrischen Gesundheitsminister Holetschek einfach ein \u201cAlko\u201d vor den Namen gesetzt.\" \/>\n<meta name=\"robots\" content=\"index, follow, max-snippet:-1, max-image-preview:large, max-video-preview:-1\" \/>\n<link rel=\"canonical\" href=\"https:\/\/www.myweedo.de\/gruene-seiten\/politik\/holetschek-scholz-legalisierung-stoppen\/\" \/>\n<meta property=\"og:locale\" content=\"de_DE\" \/>\n<meta property=\"og:type\" content=\"article\" \/>\n<meta property=\"og:title\" content=\"#AlkoHoletschek dreht auf: Scholz soll Legalisierung stoppen \u2013 Weedo\" \/>\n<meta property=\"og:description\" content=\"Der Weedmob auf Twitter hat erneut zugeschlagen und dem bayrischen Gesundheitsminister Holetschek einfach ein \u201cAlko\u201d vor den Namen gesetzt.\" \/>\n<meta property=\"og:url\" content=\"https:\/\/www.myweedo.de\/gruene-seiten\/politik\/holetschek-scholz-legalisierung-stoppen\/\" \/>\n<meta property=\"og:site_name\" content=\"Weedo\" \/>\n<meta property=\"article:publisher\" content=\"https:\/\/www.facebook.com\/myweedo\/\" \/>\n<meta property=\"article:published_time\" content=\"2022-09-02T12:48:38+00:00\" \/>\n<meta property=\"article:modified_time\" content=\"2023-05-05T08:53:14+00:00\" \/>\n<meta property=\"og:image\" content=\"https:\/\/www.myweedo.de\/gruene-seiten\/wp-content\/uploads\/2022\/09\/Holetschek-Weedo-Magazin.jpg\" \/>\n\t<meta property=\"og:image:width\" content=\"800\" \/>\n\t<meta property=\"og:image:height\" content=\"530\" \/>\n\t<meta property=\"og:image:type\" content=\"image\/jpeg\" \/>\n<meta name=\"author\" content=\"Sarah Ann Rosa\" \/>\n<meta name=\"twitter:card\" content=\"summary_large_image\" \/>\n<meta name=\"twitter:title\" content=\"#AlkoHoletschek dreht auf: Scholz soll Legalisierung stoppen\" \/>\n<meta name=\"twitter:creator\" content=\"@myweedo\" \/>\n<meta name=\"twitter:site\" content=\"@myweedo\" \/>\n<meta name=\"twitter:label1\" content=\"Verfasst von\" \/>\n\t<meta name=\"twitter:data1\" content=\"Sarah Ann Rosa\" \/>\n\t<meta name=\"twitter:label2\" content=\"Gesch\u00e4tzte Lesezeit\" \/>\n\t<meta name=\"twitter:data2\" content=\"5\u00a0Minuten\" \/>\n<script type=\"application\/ld+json\" class=\"yoast-schema-graph\">{\"@context\":\"https:\/\/schema.org\",\"@graph\":[{\"@type\":\"WebPage\",\"@id\":\"https:\/\/www.myweedo.de\/gruene-seiten\/politik\/holetschek-scholz-legalisierung-stoppen\/\",\"url\":\"https:\/\/www.myweedo.de\/gruene-seiten\/politik\/holetschek-scholz-legalisierung-stoppen\/\",\"name\":\"#AlkoHoletschek dreht auf: Scholz soll Legalisierung stoppen\",\"isPartOf\":{\"@id\":\"https:\/\/www.myweedo.de\/gruene-seiten\/#website\"},\"datePublished\":\"2022-09-02T12:48:38+00:00\",\"dateModified\":\"2023-05-05T08:53:14+00:00\",\"author\":{\"@id\":\"https:\/\/www.myweedo.de\/gruene-seiten\/#\/schema\/person\/3967d7c499b94aee3f315be3e3e5e0c5\"},\"description\":\"Der Weedmob auf Twitter hat erneut zugeschlagen und dem bayrischen Gesundheitsminister Holetschek einfach ein \u201cAlko\u201d vor den Namen gesetzt.\",\"breadcrumb\":{\"@id\":\"https:\/\/www.myweedo.de\/gruene-seiten\/politik\/holetschek-scholz-legalisierung-stoppen\/#breadcrumb\"},\"inLanguage\":\"de\",\"potentialAction\":[{\"@type\":\"ReadAction\",\"target\":[\"https:\/\/www.myweedo.de\/gruene-seiten\/politik\/holetschek-scholz-legalisierung-stoppen\/\"]}]},{\"@type\":\"BreadcrumbList\",\"@id\":\"https:\/\/www.myweedo.de\/gruene-seiten\/politik\/holetschek-scholz-legalisierung-stoppen\/#breadcrumb\",\"itemListElement\":[{\"@type\":\"ListItem\",\"position\":1,\"name\":\"Startseite\",\"item\":\"https:\/\/www.myweedo.de\/gruene-seiten\/\"},{\"@type\":\"ListItem\",\"position\":2,\"name\":\"#AlkoHoletschek dreht auf: Scholz soll Legalisierung stoppen\"}]},{\"@type\":\"WebSite\",\"@id\":\"https:\/\/www.myweedo.de\/gruene-seiten\/#website\",\"url\":\"https:\/\/www.myweedo.de\/gruene-seiten\/\",\"name\":\"Weedo\",\"description\":\"Cannabis Lifestyle\",\"potentialAction\":[{\"@type\":\"SearchAction\",\"target\":{\"@type\":\"EntryPoint\",\"urlTemplate\":\"https:\/\/www.myweedo.de\/gruene-seiten\/?s={search_term_string}\"},\"query-input\":\"required name=search_term_string\"}],\"inLanguage\":\"de\"},{\"@type\":\"Person\",\"@id\":\"https:\/\/www.myweedo.de\/gruene-seiten\/#\/schema\/person\/3967d7c499b94aee3f315be3e3e5e0c5\",\"name\":\"Sarah Ann Rosa\",\"image\":{\"@type\":\"ImageObject\",\"inLanguage\":\"de\",\"@id\":\"https:\/\/www.myweedo.de\/gruene-seiten\/#\/schema\/person\/image\/\",\"url\":\"https:\/\/secure.gravatar.com\/avatar\/9f2185192ecb43d2c193dc2ccf129a08?s=96&d=mm&r=g\",\"contentUrl\":\"https:\/\/secure.gravatar.com\/avatar\/9f2185192ecb43d2c193dc2ccf129a08?s=96&d=mm&r=g\",\"caption\":\"Sarah Ann Rosa\"},\"url\":\"https:\/\/www.myweedo.de\/gruene-seiten\/author\/sarah-ann\/\"}]}<\/script>\n<!-- \/ Yoast SEO Premium plugin. -->","yoast_head_json":{"title":"#AlkoHoletschek dreht auf: Scholz soll Legalisierung stoppen","description":"Der Weedmob auf Twitter hat erneut zugeschlagen und dem bayrischen Gesundheitsminister Holetschek einfach ein \u201cAlko\u201d vor den Namen gesetzt.","robots":{"index":"index","follow":"follow","max-snippet":"max-snippet:-1","max-image-preview":"max-image-preview:large","max-video-preview":"max-video-preview:-1"},"canonical":"https:\/\/www.myweedo.de\/gruene-seiten\/politik\/holetschek-scholz-legalisierung-stoppen\/","og_locale":"de_DE","og_type":"article","og_title":"#AlkoHoletschek dreht auf: Scholz soll Legalisierung stoppen \u2013 Weedo","og_description":"Der Weedmob auf Twitter hat erneut zugeschlagen und dem bayrischen Gesundheitsminister Holetschek einfach ein \u201cAlko\u201d vor den Namen gesetzt.","og_url":"https:\/\/www.myweedo.de\/gruene-seiten\/politik\/holetschek-scholz-legalisierung-stoppen\/","og_site_name":"Weedo","article_publisher":"https:\/\/www.facebook.com\/myweedo\/","article_published_time":"2022-09-02T12:48:38+00:00","article_modified_time":"2023-05-05T08:53:14+00:00","og_image":[{"width":800,"height":530,"url":"https:\/\/www.myweedo.de\/gruene-seiten\/wp-content\/uploads\/2022\/09\/Holetschek-Weedo-Magazin.jpg","type":"image\/jpeg"}],"author":"Sarah Ann Rosa","twitter_card":"summary_large_image","twitter_title":"#AlkoHoletschek dreht auf: Scholz soll Legalisierung stoppen","twitter_creator":"@myweedo","twitter_site":"@myweedo","twitter_misc":{"Verfasst von":"Sarah Ann Rosa","Gesch\u00e4tzte Lesezeit":"5\u00a0Minuten"},"schema":{"@context":"https:\/\/schema.org","@graph":[{"@type":"WebPage","@id":"https:\/\/www.myweedo.de\/gruene-seiten\/politik\/holetschek-scholz-legalisierung-stoppen\/","url":"https:\/\/www.myweedo.de\/gruene-seiten\/politik\/holetschek-scholz-legalisierung-stoppen\/","name":"#AlkoHoletschek dreht auf: Scholz soll Legalisierung stoppen","isPartOf":{"@id":"https:\/\/www.myweedo.de\/gruene-seiten\/#website"},"datePublished":"2022-09-02T12:48:38+00:00","dateModified":"2023-05-05T08:53:14+00:00","author":{"@id":"https:\/\/www.myweedo.de\/gruene-seiten\/#\/schema\/person\/3967d7c499b94aee3f315be3e3e5e0c5"},"description":"Der Weedmob auf Twitter hat erneut zugeschlagen und dem bayrischen Gesundheitsminister Holetschek einfach ein \u201cAlko\u201d vor den Namen gesetzt.","breadcrumb":{"@id":"https:\/\/www.myweedo.de\/gruene-seiten\/politik\/holetschek-scholz-legalisierung-stoppen\/#breadcrumb"},"inLanguage":"de","potentialAction":[{"@type":"ReadAction","target":["https:\/\/www.myweedo.de\/gruene-seiten\/politik\/holetschek-scholz-legalisierung-stoppen\/"]}]},{"@type":"BreadcrumbList","@id":"https:\/\/www.myweedo.de\/gruene-seiten\/politik\/holetschek-scholz-legalisierung-stoppen\/#breadcrumb","itemListElement":[{"@type":"ListItem","position":1,"name":"Startseite","item":"https:\/\/www.myweedo.de\/gruene-seiten\/"},{"@type":"ListItem","position":2,"name":"#AlkoHoletschek dreht auf: Scholz soll Legalisierung stoppen"}]},{"@type":"WebSite","@id":"https:\/\/www.myweedo.de\/gruene-seiten\/#website","url":"https:\/\/www.myweedo.de\/gruene-seiten\/","name":"Weedo","description":"Cannabis Lifestyle","potentialAction":[{"@type":"SearchAction","target":{"@type":"EntryPoint","urlTemplate":"https:\/\/www.myweedo.de\/gruene-seiten\/?s={search_term_string}"},"query-input":"required name=search_term_string"}],"inLanguage":"de"},{"@type":"Person","@id":"https:\/\/www.myweedo.de\/gruene-seiten\/#\/schema\/person\/3967d7c499b94aee3f315be3e3e5e0c5","name":"Sarah Ann Rosa","image":{"@type":"ImageObject","inLanguage":"de","@id":"https:\/\/www.myweedo.de\/gruene-seiten\/#\/schema\/person\/image\/","url":"https:\/\/secure.gravatar.com\/avatar\/9f2185192ecb43d2c193dc2ccf129a08?s=96&d=mm&r=g","contentUrl":"https:\/\/secure.gravatar.com\/avatar\/9f2185192ecb43d2c193dc2ccf129a08?s=96&d=mm&r=g","caption":"Sarah Ann Rosa"},"url":"https:\/\/www.myweedo.de\/gruene-seiten\/author\/sarah-ann\/"}]}},"_links":{"self":[{"href":"https:\/\/www.myweedo.de\/gruene-seiten\/wp-json\/wp\/v2\/posts\/32184"}],"collection":[{"href":"https:\/\/www.myweedo.de\/gruene-seiten\/wp-json\/wp\/v2\/posts"}],"about":[{"href":"https:\/\/www.myweedo.de\/gruene-seiten\/wp-json\/wp\/v2\/types\/post"}],"author":[{"embeddable":true,"href":"https:\/\/www.myweedo.de\/gruene-seiten\/wp-json\/wp\/v2\/users\/5753"}],"replies":[{"embeddable":true,"href":"https:\/\/www.myweedo.de\/gruene-seiten\/wp-json\/wp\/v2\/comments?post=32184"}],"version-history":[{"count":5,"href":"https:\/\/www.myweedo.de\/gruene-seiten\/wp-json\/wp\/v2\/posts\/32184\/revisions"}],"predecessor-version":[{"id":32864,"href":"https:\/\/www.myweedo.de\/gruene-seiten\/wp-json\/wp\/v2\/posts\/32184\/revisions\/32864"}],"wp:featuredmedia":[{"embeddable":true,"href":"https:\/\/www.myweedo.de\/gruene-seiten\/wp-json\/wp\/v2\/media\/32878"}],"wp:attachment":[{"href":"https:\/\/www.myweedo.de\/gruene-seiten\/wp-json\/wp\/v2\/media?parent=32184"}],"wp:term":[{"taxonomy":"category","embeddable":true,"href":"https:\/\/www.myweedo.de\/gruene-seiten\/wp-json\/wp\/v2\/categories?post=32184"},{"taxonomy":"post_tag","embeddable":true,"href":"https:\/\/www.myweedo.de\/gruene-seiten\/wp-json\/wp\/v2\/tags?post=32184"}],"curies":[{"name":"wp","href":"https:\/\/api.w.org\/{rel}","templated":true}]}}