{"id":28492,"date":"2020-10-06T14:01:12","date_gmt":"2020-10-06T12:01:12","guid":{"rendered":"https:\/\/www.myweedo.de\/gruene-seiten\/?p=28492"},"modified":"2022-12-06T15:37:11","modified_gmt":"2022-12-06T14:37:11","slug":"droht-cbd-verbot-in-eu-daniela-ludwig","status":"publish","type":"post","link":"https:\/\/www.myweedo.de\/gruene-seiten\/politik\/droht-cbd-verbot-in-eu-daniela-ludwig\/","title":{"rendered":"Droht ein CBD Verbot in der EU? Und was hat Daniela Ludwig damit zu tun?"},"content":{"rendered":"\r\n<p><strong>Aktuell machen sich Ger\u00fcchte breit, es drohe ein Verbot von CBD auf EU-Ebene. Wie steht es eigentlich um die rechtliche Lage von CBD? Was w\u00e4ren die Konsequenzen? Wie sind Verbraucher betroffen? Und was hat Daniela Ludwig damit zu tun? Wir kl\u00e4ren auf.<\/strong><\/p>\r\n\r\n\r\n\r\n<p>Cannabis ist verboten, weil es eine illegale Droge ist. Mit dieser messerscharfen und in sich geschlossenen Argumentation hat die ehemalige Drogenbeauftragte Marlene Mortler sich zum Gesp\u00f6tt der Legalisierungsbef\u00fcrworter gemacht.<\/p>\r\n\r\n\r\n\r\n<h2 id=\"h-wie-ist-die-aktuelle-rechtslage-zu-hanfprodukten\">Wie ist die aktuelle Rechtslage zu Hanfprodukten?<\/h2>\r\n\r\n\r\n\r\n<p>Und doch steckt in diesem Satz mehr, als es auf den ersten Blick vermuten l\u00e4sst. Cannabis ist in Deutschland und fast jedem Land verboten, weil es die UN 1961 so entschieden hat.<sup>[1]<\/sup>\u00a0Denn die UN hat Cannabis (Bl\u00fcten, Bl\u00fctenst\u00e4nde und Harze) im Anhang 4 der Single Convention of Narcotic Drugs gelistet. Anhang 4 beschreibt die am strengsten zu kontrollierenden Suchtstoffe \u00fcberhaupt und die Stoffe dieser Gruppe d\u00fcrfen nur unter strenger staatlicher Kontrolle zu wissenschaftlichen und medizinischen Zwecken eingesetzt werden. In Deutschland werden diese Stoffe durch das Bet\u00e4ubungsmittelgesetz (BtmG) geregelt.<\/p>\r\n\r\n\r\n\r\n<p>Der Anbau von Nutzhanf zu gewerblichen Zwecken soll durch die UN Single Convention jedoch nicht verhindert werden. Auch deshalb hat die EU in ihrem Sortenkatalog die Grenze von 0,2% THC eingef\u00fchrt, um die Hanfindustrie zu erhalten. Unter diesem Wert d\u00fcrfen Hanfpflanzen in Europa angebaut und weiterverarbeitet werden. Weiterverarbeitete Hanferzeugnisse mit unter 0,2% THC d\u00fcrfen auch nach dem BtmG in Deutschland verkauft werden.<\/p>\r\n\r\n\r\n\r\n\n\t\t\t<!-- START Weedo Shop REVOLUTION SLIDER 6.5.6 --><p class=\"rs-p-wp-fix\"><\/p>\n\t\t\t<rs-module-wrap id=\"rev_slider_2_1_wrapper\" data-source=\"gallery\" style=\"visibility:hidden;background:transparent;padding:0;margin:0px auto;margin-top:20;margin-bottom:20;max-width:;\">\n\t\t\t\t<rs-module id=\"rev_slider_2_1\" style=\"\" data-version=\"6.5.6\">\n\t\t\t\t\t<rs-slides>\n\t\t\t\t\t\t<rs-slide style=\"position: absolute;\" data-key=\"rs-153\" data-title=\"Slide\" data-link=\"\/\/hempcrew.de\/produkte\/wirkkosmetik\/?utm_source=weedomagazin&utm_medium=slider&utm_campaign=sportgele\" data-target=\"_self\" data-seoz=\"front\" data-duration=\"5000ms\" data-anim=\"ms:300;\" data-in=\"o:0;\" data-out=\"a:false;\">\n\t\t\t\t\t\t\t<img src=\"\/\/www.myweedo.de\/gruene-seiten\/wp-content\/plugins\/revslider\/public\/assets\/assets\/dummy.png\" alt=\"CBD Sportgele\" title=\"Werbebanner-sportgele\" width=\"1024\" height=\"495\" class=\"rev-slidebg tp-rs-img rs-lazyload\" data-lazyload=\"\/\/www.myweedo.de\/gruene-seiten\/wp-content\/uploads\/2017\/12\/Werbebanner-sportgele.jpg\" data-parallax=\"off\" data-no-retina>\n<!---->\t\t\t\t\t\t<\/rs-slide>\n\t\t\t\t\t\t<rs-slide style=\"position: absolute;\" data-key=\"rs-172\" data-title=\"Slide\" data-link=\"\/\/holy-hemp.de?utm_source=weedomagazin&utm_medium=banner&utm_campaign=cannabissamen\" data-target=\"_self\" data-seoz=\"front\" data-duration=\"5000ms\" data-anim=\"ms:300;\" data-in=\"o:0;\" data-out=\"a:false;\">\n\t\t\t\t\t\t\t<img src=\"\/\/www.myweedo.de\/gruene-seiten\/wp-content\/plugins\/revslider\/public\/assets\/assets\/dummy.png\" alt=\"Cannabissamen Holy Hemp\" title=\"Werbebanner-Weedo-HolyHemp\" width=\"1024\" height=\"495\" class=\"rev-slidebg tp-rs-img rs-lazyload\" data-lazyload=\"\/\/www.myweedo.de\/gruene-seiten\/wp-content\/uploads\/2017\/12\/Werbebanner-Weedo-HolyHemp.jpg\" data-parallax=\"off\" data-no-retina>\n<!---->\t\t\t\t\t\t<\/rs-slide>\n\t\t\t\t\t<\/rs-slides>\n\t\t\t\t<\/rs-module>\n\t\t\t\t<script type=\"text\/javascript\">\n\t\t\t\t\tsetREVStartSize({c: 'rev_slider_2_1',rl:[1240,1024,778,480],el:[600],gw:[1240],gh:[600],type:'standard',justify:'',layout:'fullwidth',mh:\"0\"});if (window.RS_MODULES!==undefined && window.RS_MODULES.modules!==undefined && window.RS_MODULES.modules[\"revslider21\"]!==undefined) {window.RS_MODULES.modules[\"revslider21\"].once = false;window.revapi2 = undefined;if (window.RS_MODULES.checkMinimal!==undefined) window.RS_MODULES.checkMinimal()}\n\t\t\t\t<\/script>\n\t\t\t<\/rs-module-wrap>\n\t\t\t<!-- END REVOLUTION SLIDER -->\n\r\n\r\n\r\n\r\n<h2 id=\"h-cbd-verbot-was-soll-sich-ndern\">CBD Verbot: Was soll sich \u00e4ndern?<\/h2>\r\n\r\n\r\n\r\n<p>Im November 2018 hat die Weltgesundheitsorganisation (WHO) nun der UN mehrere <a href=\"https:\/\/www.myweedo.de\/gruene-seiten\/politik\/who-empfehlungen-einstufung-von-cannabis-und-cbd\/\">Empfehlungen zur Neuklassifizierung<\/a> von Cannabis unterbreitet &#8211; unter anderem die Entfernung von Cannabis aus Anhang 4, da die Suchtgefahr und die gesundheitlichen Gefahren nach heutigem Erkenntnisstand deutlich geringer sind, als 1961 angenommen wurde. Der medizinische Gebrauch der Cannabispflanze m\u00fcsse laut WHO durch eine Herabstufung erleichtert werden.<\/p>\r\n\r\n\r\n\r\n<p>Ein weiterer Vorschlag ist, dass Pr\u00e4parate mit dem Wirkstoff Cannabidiol (CBD) nicht unter internationale Regulierungen fallen sollen, solange sie weniger als 0,2% THC enthalten. Denn CBD hat keine psychoaktive Wirkung und es gibt keine Anhaltspunkte daf\u00fcr, dass CBD abh\u00e4ngig machen k\u00f6nnte.<sup>[2]<\/sup><\/p>\r\n\r\n\r\n\r\n<p>Dieser gem\u00e4chliche Schritt in Richtung freiz\u00fcgiger Regulierungen der Pflanze auf internationaler Ebene f\u00fcgt sich in den global fortschreitenden Trend der Liberalisierung von Cannabis. Uruguay, Kanada, Mexiko, Luxemburg und immer mehr US-Staaten sind erst die Anf\u00e4nge. Immer mehr L\u00e4nder setzen sich gegen die UN Convention von 1961 hinweg.\u00a0<\/p>\r\n\r\n\r\n\r\n\n\t\t\t<!-- START Phenopen REVOLUTION SLIDER 6.5.6 --><p class=\"rs-p-wp-fix\"><\/p>\n\t\t\t<rs-module-wrap id=\"rev_slider_12_2_wrapper\" data-source=\"gallery\" style=\"visibility:hidden;background:transparent;padding:0;margin:0px auto;margin-top:20;margin-bottom:20;max-width:;\">\n\t\t\t\t<rs-module id=\"rev_slider_12_2\" style=\"\" data-version=\"6.5.6\">\n\t\t\t\t\t<rs-slides>\n\t\t\t\t\t\t<rs-slide style=\"position: absolute;\" data-key=\"rs-171\" data-title=\"Slide\" data-link=\"\/\/holy-hemp.de?utm_source=weedomagazin&utm_medium=banner&utm_campaign=cannabissamen\" data-target=\"_self\" data-seoz=\"front\" data-duration=\"5000ms\" data-anim=\"ms:300;\" data-in=\"o:0;\" data-out=\"a:false;\">\n\t\t\t\t\t\t\t<img src=\"\/\/www.myweedo.de\/gruene-seiten\/wp-content\/plugins\/revslider\/public\/assets\/assets\/dummy.png\" alt=\"Cannabissamen Holy Hemp\" title=\"Werbebanner-Weedo-HolyHemp\" width=\"1024\" height=\"495\" class=\"rev-slidebg tp-rs-img rs-lazyload\" data-lazyload=\"\/\/www.myweedo.de\/gruene-seiten\/wp-content\/uploads\/2017\/12\/Werbebanner-Weedo-HolyHemp.jpg\" data-parallax=\"off\" data-no-retina>\n<!---->\t\t\t\t\t\t<\/rs-slide>\n\t\t\t\t\t\t<rs-slide style=\"position: absolute;\" data-key=\"rs-65\" data-title=\"Slide\" data-link=\"\/\/www.amazon.de\/gp\/product\/B07HQWG568\/ref=as_li_qf_asin_il_tl?ie=UTF8&tag=weedo07-21&creative=6742&linkCode=as2&creativeASIN=B07HQWG568&linkId=5bbf54f3427e777eaa21fab0d97897b8\" data-target=\"_self\" data-seoz=\"front\" data-duration=\"5000ms\" data-anim=\"ms:300;\" data-in=\"o:0;\" data-out=\"a:false;\">\n\t\t\t\t\t\t\t<img src=\"\/\/www.myweedo.de\/gruene-seiten\/wp-content\/plugins\/revslider\/public\/assets\/assets\/dummy.png\" title=\"Werbebanner-phenopen\" width=\"1024\" height=\"495\" class=\"rev-slidebg tp-rs-img rs-lazyload\" data-lazyload=\"\/\/www.myweedo.de\/gruene-seiten\/wp-content\/uploads\/2017\/12\/Werbebanner-phenopen.jpg\" data-parallax=\"off\" data-no-retina>\n<!---->\t\t\t\t\t\t<\/rs-slide>\n\t\t\t\t\t\t<rs-slide style=\"position: absolute;\" data-key=\"rs-110\" data-title=\"Slide\" data-link=\"\/\/hempcrew.de\/produkte\/cbd-oele\/?utm_source=weedomagazin&utm_medium=slider&utm_campaign=cbdoele\" data-target=\"_self\" data-seoz=\"front\" data-duration=\"5000ms\" data-anim=\"ms:300;\" data-in=\"o:0;\" data-out=\"a:false;\">\n\t\t\t\t\t\t\t<img src=\"\/\/www.myweedo.de\/gruene-seiten\/wp-content\/plugins\/revslider\/public\/assets\/assets\/dummy.png\" title=\"Werbebanner-CBD-\u00d6le\" width=\"1024\" height=\"495\" class=\"rev-slidebg tp-rs-img rs-lazyload\" data-lazyload=\"\/\/www.myweedo.de\/gruene-seiten\/wp-content\/uploads\/2017\/12\/Werbebanner-CBD-Oele.jpg\" data-parallax=\"off\" data-no-retina>\n<!---->\t\t\t\t\t\t<\/rs-slide>\n\t\t\t\t\t\t<rs-slide style=\"position: absolute;\" data-key=\"rs-120\" data-title=\"Slide\" data-link=\"\/\/www.myweedo.de\/dutch-harvest\" data-target=\"_self\" data-seoz=\"front\" data-duration=\"5000ms\" data-anim=\"ms:300;\" data-in=\"o:0;\" data-out=\"a:false;\">\n\t\t\t\t\t\t\t<img src=\"\/\/www.myweedo.de\/gruene-seiten\/wp-content\/plugins\/revslider\/public\/assets\/assets\/dummy.png\" title=\"werbebanner-durch-harvest\" width=\"1240\" height=\"600\" class=\"rev-slidebg tp-rs-img rs-lazyload\" data-lazyload=\"\/\/www.myweedo.de\/gruene-seiten\/wp-content\/uploads\/2017\/12\/werbebanner-durch-harvest.jpg\" data-parallax=\"off\" data-no-retina>\n<!---->\t\t\t\t\t\t<\/rs-slide>\n\t\t\t\t\t\t<rs-slide style=\"position: absolute;\" data-key=\"rs-157\" data-title=\"Slide\" data-link=\"\/\/happybuds.de\/cbd-vape-pens\/?utm_source=weedomagazin&utm_medium=banner&utm_campaign=cbdvapes\" data-target=\"_self\" data-seoz=\"front\" data-duration=\"5000ms\" data-anim=\"ms:300;\" data-in=\"o:0;\" data-out=\"a:false;\">\n\t\t\t\t\t\t\t<img src=\"\/\/www.myweedo.de\/gruene-seiten\/wp-content\/plugins\/revslider\/public\/assets\/assets\/dummy.png\" title=\"Werbebanner-CBD-Vapes\" width=\"1024\" height=\"495\" class=\"rev-slidebg tp-rs-img rs-lazyload\" data-lazyload=\"\/\/www.myweedo.de\/gruene-seiten\/wp-content\/uploads\/2017\/12\/Werbebanner-CBD-Vapes.jpg\" data-parallax=\"off\" data-no-retina>\n<!---->\t\t\t\t\t\t<\/rs-slide>\n\t\t\t\t\t<\/rs-slides>\n\t\t\t\t<\/rs-module>\n\t\t\t\t<script type=\"text\/javascript\">\n\t\t\t\t\tsetREVStartSize({c: 'rev_slider_12_2',rl:[1240,1024,778,480],el:[600],gw:[1240],gh:[600],type:'standard',justify:'',layout:'fullwidth',mh:\"0\"});if (window.RS_MODULES!==undefined && window.RS_MODULES.modules!==undefined && window.RS_MODULES.modules[\"revslider122\"]!==undefined) {window.RS_MODULES.modules[\"revslider122\"].once = false;window.revapi12 = undefined;if (window.RS_MODULES.checkMinimal!==undefined) window.RS_MODULES.checkMinimal()}\n\t\t\t\t<\/script>\n\t\t\t<\/rs-module-wrap>\n\t\t\t<!-- END REVOLUTION SLIDER -->\n\r\n\r\n\r\n\r\n<h2 id=\"h-cbd-die-eu-kommission-stellt-sich-quer\">CBD: Die EU Kommission stellt sich quer<\/h2>\r\n\r\n\r\n\r\n<p>Doch die EU scheint einer ganz anderen Linie zu folgen. Der Pr\u00e4sident des Internationalen Drogen Kontrollgremiums (INCB) \u00e4u\u00dferte sich n\u00e4mlich besorgt dar\u00fcber, dass die Herstellung von CBD keinem \u201eindustriellem Zweck\u201c diene und deshalb der Anbau von Hanf, der f\u00fcr die Gewinnung von CBD aus dem Bl\u00fctenmaterial bestimmt sei, \u00fcberwacht werden m\u00fcsse.<sup>[3]<\/sup>\u00a0Kurzum, alle Produkte, die aus Hanfbl\u00fcten gewonnen werden, sollten unabh\u00e4ngig vom THC-Gehalt als Bet\u00e4ubungsmittel eingestuft werden.<\/p>\r\n\r\n\r\n\r\n<p>Dieser Auffassung scheint sich die EU-Kommission nun anschlie\u00dfen zu wollen. Denn zu genau diesem Ergebnis kam scheinbar die EU-interne \u201ehorizontale Gruppe Drogen\u201c, die sich am 06.07.2020 mit den Vorschl\u00e4gen der <a href=\"https:\/\/www.myweedo.de\/gruene-seiten\/politik\/who-ergebnisse-neueinstufung-cannabis\/\">WHO<\/a> auseinandergesetzt hat. Kurz darauf, am 15.07. wurden alle CBD-Hersteller, die Novel Food Antr\u00e4ge zu ihren Erzeugnissen gestellt hatten informiert, dass CBD, welches aus den bl\u00fchenden und fruchttragenden Spitzen der Hanfpflanze (Cannabis sativa L.) extrahiert wird, als ein Bet\u00e4ubungsmittel betrachtet werden sollte, das unter das Einheits\u00fcbereinkommen der Vereinten Nationen \u00fcber Bet\u00e4ubungsmittel von 1961 f\u00e4llt.<sup>[4]<\/sup><\/p>\r\n\r\n\r\n\r\n<h2 id=\"h-was-hat-daniela-ludwig-mit-dem-drohenden-cbd-verbot-zu-tun\">Was hat Daniela Ludwig mit dem drohenden CBD Verbot zu tun?<\/h2>\r\n\r\n\r\n\r\n<p>Wem das Ignorieren von wissenschaftlichen Erkenntnissen unter der Berufung auf \u201eVerboten weil Illegal\u201c nun bekannt vorkommt, der tippt auf das richtige Amt, nur unter neuer F\u00fchrung. Tats\u00e4chlich wird die \u201ehorizontale Gruppe Drogen\u201c der EU immer von dem Drogenbeauftragten des Landes geleitet, welches den Pr\u00e4sidenten der EU Kommission stellt. In diesem Falle mit Frau von der Leyen, folglich von Daniela Ludwig, unserer Drogenbeauftragten.<\/p>\r\n\r\n\r\n\r\n<p><a href=\"https:\/\/www.myweedo.de\/gruene-seiten\/politik\/neue-drogenbeauftragte-daniela-ludwig-csu\/\">Daniela Ludwig<\/a> trat am 10.09.2019 das Amt des Drogenbeauftragten als Nachfolge von Marlene Mortler an und betonte ihre Unvoreingenommenheit gegen\u00fcber dem Thema Cannabis. Sie zeigte sich sogar gespr\u00e4chsbereit gegen\u00fcber dem Deutschen Hanfverband, etwas das von ihrer Vorg\u00e4ngerin strikt abgelehnt wurde und in Teilen der Union scharf kritisiert wurde.<\/p>\r\n\r\n\r\n\r\n<p><strong>So w\u00f6rtlich auf der Website von Alexander Krauss (CDU):<\/strong><sup>[5]<\/sup><\/p>\r\n\r\n\r\n\r\n<p class=\"has-background has-very-light-gray-background-color\"><em>&#8222;CDU-Gesundheitspolitiker Alexander Krau\u00df hat die Drogenbeauftragte Daniela Ludwig (CSU) f\u00fcr ihren Vorsto\u00df kritisiert, das Cannabis-Verbot zu lockern. &#8222;Die Union sollte hier weiterhin klare Kante zeigen&#8220;, sagte Krau\u00df. Dass Cannabis die Gesundheit sch\u00e4dige, sei wissenschaftlich erwiesen. Cannabis sei eine Einstiegsdroge, die in den Drogensumpf f\u00fchre. Ludwig lasse sich von der Drogenlobby unter Druck setzen, kritisierte Krau\u00df. &#8222;Ich hoffe, dass Daniela Ludwig in ihrem neuen Amt Standfestigkeit gewinnt&#8220;, so der CDU-Bundestagsabgeordnete.\u00a0 Wenn sie einknicke, sei sie f\u00fcr das Amt nicht geeignet.<\/em>&#8222;<\/p>\r\n\r\n\r\n\r\n<p>Ohne Frau Ludwig hier rein opportunistische Motive unterstellen zu wollen, ist es doch zumindest verd\u00e4chtigt, wie schlagartig sich ihre Ansichten gefestigt haben, dass Cannabis eine Gefahr sei, die unter allen Umst\u00e4nden und zu jedem Preis mit repressiven Mitteln bek\u00e4mpft werden m\u00fcsse.<\/p>\r\n\r\n\r\n\r\n<p>Hat diese Haltung sich nun auch auf ihr Wirken auf EU Ebene ausgewirkt? Zumindest merkw\u00fcrdig bleibt, dass diese Einordnung entgegen dem Bet\u00e4ubungsmittelgesetz der Bundesrepublik Deutschland steht. Dort werden Produkte aus Nutzhanf explizit ausgeschlossen, solange der Missbrauch zu Rauschzwecken ausgeschlossen werden kann.<sup>[6][7]<\/sup>\u00a0Hat die Bundesrepublik folglich \u00fcber Jahrzehnte gegen die UN Single Convention versto\u00dfen?<\/p>\r\n\r\n\r\n\r\n<p>Auch die EU Staatsanwaltschaften stellvertretend f\u00fcr die EU-Komission haben in mehreren F\u00e4llen bereits darauf hingewiesen, dass Nutzhanfprodukte nicht unter die Single Convention fallen.<sup>[8]<\/sup>\u00a0Wieso kommt die \u201ehorizontale Gruppe Drogen\u201c nun zu anderen Ergebnissen und weshalb ist die EU-Kommission gewillt, dieser Auslegung pl\u00f6tzlich zuzustimmen?\u00a0<\/p>\r\n\r\n\r\n\r\n<p>Und ist es nicht\u00a0absolut paradox\u00a0, dass die EU sich gegen die Vorschl\u00e4ge der WHO stellt, mit Berufung auf die UN Single Convention, die erst auf Grundlage der damaligen Einsch\u00e4tzung der WHO aufgesetzt wurde? Wird der wissenschaftlichen Einordnung von 1961 mehr Relevanz gegeben, als der wissenschaftlichen Einordnung von 2018 derselben Institution? Ein Schelm, wer B\u00f6ses dabei denkt.<\/p>\r\n\r\n\r\n\r\n<h2 id=\"h-cbd-als-bet-ubungsmittel-was-w-ren-die-konsequenzen\">CBD als Bet\u00e4ubungsmittel \u2013 was w\u00e4ren die Konsequenzen?<\/h2>\r\n\r\n\r\n\r\n<p>Vorweg sei nochmal betont, dass es bei der Einstufung nicht um CBD per se geht. Es geht lediglich um nat\u00fcrliches CBD, welches aus den Hanfbl\u00fcten gewonnen wird.<\/p>\r\n\r\n\r\n\r\n<p>Diese Einstufung w\u00e4re vermutlich das schlagartige Ende aller Vollspektrum-Produkte. Denn auch wenn aus den Bl\u00e4ttern und Samen der Hanfpflanze CBD gewonnen werden kann, w\u00e4re der Anbau extrem gef\u00e4hrlich f\u00fcr die Bauern. Hierdurch w\u00fcrden tausende Arbeitspl\u00e4tze in der europ\u00e4ischen Hanfindustrie gef\u00e4hrdet werden.\u00a0<\/p>\r\n\r\n\r\n\r\n<p>Auch CBD-Isolat aus Hanf w\u00e4re verboten, doch das chemisch exakt gleiche CBD-Isolat aus synthetischer Herstellung w\u00e4re erlaubt. Wirklich sicher f\u00fcr die Verbraucher, da die Ausgangsstoffe hoch giftig sind, kann synthetisches Isolat bislang nur von wenigen Pharmaunternehmen hergestellt werden. Auch der Preis w\u00fcrde schlagartig um vermutlich 200-300% ansteigen. Vermutlich w\u00fcrden jedoch auch verunreinigte synthetische CBD-Isolate ihren Weg auf den Markt finden und das k\u00f6nnte dann tats\u00e4chlich auch t\u00f6dlich f\u00fcr manche Verbraucher enden. Vielleicht w\u00e4re dann das Ziel endlich erreicht und CBD wird verboten, weil es illegal ist und endlich gef\u00e4hrlich.<\/p>\r\n\r\n\r\n\r\n\n\t\t\t<!-- START hempcrew REVOLUTION SLIDER 6.5.6 --><p class=\"rs-p-wp-fix\"><\/p>\n\t\t\t<rs-module-wrap id=\"rev_slider_13_3_wrapper\" data-source=\"gallery\" style=\"visibility:hidden;background:transparent;padding:0;margin:0px auto;margin-top:0;margin-bottom:0;max-width:;\">\n\t\t\t\t<rs-module id=\"rev_slider_13_3\" style=\"\" data-version=\"6.5.6\">\n\t\t\t\t\t<rs-slides>\n\t\t\t\t\t\t<rs-slide style=\"position: absolute;\" data-key=\"rs-62\" data-title=\"Slide\" data-link=\" \/\/hempcrew.de\/produkte\/cbd-oele\/?utm_source=weedomagazin&utm_medium=slider&utm_campaign=cbdoele\" data-target=\"_self\" data-seoz=\"front\" data-duration=\"5000\" data-anim=\"ms:300;\" data-in=\"o:0;\" data-out=\"a:false;\">\n\t\t\t\t\t\t\t<img src=\"\/\/www.myweedo.de\/gruene-seiten\/wp-content\/plugins\/revslider\/public\/assets\/assets\/dummy.png\" title=\"Werbebanner-CBD-\u00d6le\" width=\"1024\" height=\"495\" class=\"rev-slidebg tp-rs-img rs-lazyload\" data-lazyload=\"\/\/www.myweedo.de\/gruene-seiten\/wp-content\/uploads\/2017\/12\/Werbebanner-CBD-Oele.jpg\" data-parallax=\"off\" data-no-retina>\n<!---->\t\t\t\t\t\t<\/rs-slide>\n\t\t\t\t\t<\/rs-slides>\n\t\t\t\t<\/rs-module>\n\t\t\t\t<script type=\"text\/javascript\">\n\t\t\t\t\tsetREVStartSize({c: 'rev_slider_13_3',rl:[1240,1024,778,480],el:[600],gw:[1240],gh:[600],type:'standard',justify:'',layout:'fullwidth',mh:\"0\"});if (window.RS_MODULES!==undefined && window.RS_MODULES.modules!==undefined && window.RS_MODULES.modules[\"revslider133\"]!==undefined) {window.RS_MODULES.modules[\"revslider133\"].once = false;window.revapi13 = undefined;if (window.RS_MODULES.checkMinimal!==undefined) window.RS_MODULES.checkMinimal()}\n\t\t\t\t<\/script>\n\t\t\t<\/rs-module-wrap>\n\t\t\t<!-- END REVOLUTION SLIDER -->\n\r\n\r\n\r\n\r\n<h2 id=\"h-cbd-verbot-was-k-nnen-verbraucher-tun\">CBD Verbot: Was k\u00f6nnen Verbraucher tun?<\/h2>\r\n\r\n\r\n\r\n<p>Auch wenn es sich um Abstimmungen auf EU und UN Ebene handelt, k\u00f6nnen Verbraucher unter anderem auf\u00a0<a href=\"https:\/\/www.abgeordnetenwatch.de\/\">abgeordnetenwatch.de<\/a>\u00a0Anfragen zu den Vorg\u00e4ngen in der Europ\u00e4ischen Union stellen und wie sich die Bundesregierung hier positionieren will.\u00a0<\/p>\r\n\r\n\r\n\r\n<p>Der <strong>Aktivist Cyrus Badde<\/strong> hat zudem eine Petition auf change.org gestartet, die bereits knapp 10.000 Unterschriften gesammelt hat:<\/p>\r\n\r\n\r\n\r\n<div class=\"wp-container-1 wp-block-buttons\">\r\n<div class=\"wp-block-button is-style-fill\"><a class=\"wp-block-button__link\" href=\"https:\/\/www.change.org\/p\/european-parliament-hanfextrakte-von-der-liste-der-neuartigen-lebensmittel-l\u00f6schen-lassen?recruiter=1139274129&amp;utm_source=share_petition&amp;utm_medium=copylink&amp;utm_campaign=share_petition&amp;utm_term=share_petition\">Zur Petition!<\/a><\/div>\r\n<\/div>\r\n\r\n\r\n\r\n<h3 id=\"h-quellen\">Quellen:<\/h3>\r\n\r\n\r\n\r\n<div class=\"wp-container-3 wp-block-group\">\r\n<div class=\"wp-block-group__inner-container\">\r\n<p>[1] <a href=\"https:\/\/www.unodc.org\/pdf\/convention_1961_en.pdf\">https:\/\/www.unodc.org\/pdf\/convention_1961_en.pdf<\/a><\/p>\r\n\r\n\r\n\r\n<p>[2] https:\/\/www.who.int\/medicines\/access\/controlled-substances\/UNSG_letter_ECDD41_recommendations_cannabis_24Jan19.pdf<\/p>\r\n\r\n\r\n\r\n<p>[3] <a href=\"https:\/\/hempindustrydaily.com\/un-body-sees-challenges-for-adding-cbd-footnote-to-international-narcotics-treaty\/\">https:\/\/hempindustrydaily.com\/un-body-sees-challenges-for-adding-cbd-footnote-to-international-narcotics-treaty\/<\/a><\/p>\r\n\r\n\r\n\r\n<p>[4] <a href=\"https:\/\/www.apotheke-adhoc.de\/nachrichten\/detail\/politik\/eu-will-cbd-als-betaeubungsmittel-einstufen\/\">https:\/\/www.apotheke-adhoc.de\/nachrichten\/detail\/politik\/eu-will-cbd-als-betaeubungsmittel-einstufen\/<\/a><\/p>\r\n\r\n\r\n\r\n<p>[5] <a href=\"https:\/\/www.alexander-krauss.com\/2019\/11\/05\/kritik-an-drogenbeauftragter-der-bundesregierung\/\">https:\/\/www.alexander-krauss.com\/2019\/11\/05\/kritik-an-drogenbeauftragter-der-bundesregierung\/<\/a><\/p>\r\n\r\n\r\n\r\n<div class=\"wp-container-2 wp-block-group\">\r\n<div class=\"wp-block-group__inner-container\">\r\n<p>[6] <a href=\"https:\/\/www.gesetze-im-internet.de\/btmg_1981\/BJNR106810981.html\">https:\/\/www.gesetze-im-internet.de\/btmg_1981\/BJNR106810981.html<\/a><\/p>\r\n\r\n\r\n\r\n<p>[7]<a href=\"https:\/\/www.bfarm.de\/SharedDocs\/FAQs\/DE\/BtmGrundstoffeAMVV\/Cannabis\/cannabis-faq14.html\">https:\/\/www.bfarm.de\/SharedDocs\/FAQs\/DE\/BtmGrundstoffeAMVV\/Cannabis\/cannabis-faq14.html<\/a><\/p>\r\n\r\n\r\n\r\n<p>[8]\u00a0<a href=\"http:\/\/curia.europa.eu\/juris\/showPdf.jsf?text=&amp;docid=47746&amp;pageIndex=0&amp;doclang=de&amp;mode=lst&amp;dir=&amp;occ=first&amp;part=1&amp;cid=114975\">http:\/\/curia.europa.eu\/juris\/showPdf.jsf?text=&amp;docid=47746&amp;pageIndex=0&amp;doclang=de&amp;mode=lst&amp;dir=&amp;occ=first&amp;part=1&amp;cid=114975<\/a><\/p>\r\n\r\n\r\n\r\n<p>Titelbild \u00a9 Gajus \u2013 stock.adobe.com<\/p>\r\n\r\n\r\n\r\n\n\t\t\t<!-- START Tiere REVOLUTION SLIDER 6.5.6 --><p class=\"rs-p-wp-fix\"><\/p>\n\t\t\t<rs-module-wrap id=\"rev_slider_20_4_wrapper\" data-source=\"gallery\" style=\"visibility:hidden;background:transparent;padding:0;margin:0px auto;margin-top:20;margin-bottom:20;max-width:;\">\n\t\t\t\t<rs-module id=\"rev_slider_20_4\" style=\"\" data-version=\"6.5.6\">\n\t\t\t\t\t<rs-slides>\n\t\t\t\t\t\t<rs-slide style=\"position: absolute;\" data-key=\"rs-91\" data-title=\"Slide\" data-link=\"\/\/www.myweedo.de\/cbd-fuer-tiere?sPartner=revslider\" data-target=\"_self\" data-seoz=\"front\" data-duration=\"5000ms\" data-anim=\"ms:300;\" data-in=\"o:0;\" data-out=\"a:false;\">\n\t\t\t\t\t\t\t<img src=\"\/\/www.myweedo.de\/gruene-seiten\/wp-content\/plugins\/revslider\/public\/assets\/assets\/dummy.png\" title=\"we-werbebanner-nacani-katze-110320\" width=\"1240\" height=\"600\" class=\"rev-slidebg tp-rs-img rs-lazyload\" data-lazyload=\"\/\/www.myweedo.de\/gruene-seiten\/wp-content\/uploads\/2020\/03\/we-werbebanner-nacani-katze-110320.jpg\" data-parallax=\"off\" data-no-retina>\n<!---->\t\t\t\t\t\t<\/rs-slide>\n\t\t\t\t\t\t<rs-slide style=\"position: absolute;\" data-key=\"rs-104\" data-title=\"Slide\" data-link=\"\/\/www.myweedo.de\/cbd-fuer-tiere?sPartner=revslider\" data-target=\"_self\" data-seoz=\"front\" data-duration=\"5000ms\" data-anim=\"ms:300;\" data-in=\"o:0;\" data-out=\"a:false;\">\n\t\t\t\t\t\t\t<img src=\"\/\/www.myweedo.de\/gruene-seiten\/wp-content\/plugins\/revslider\/public\/assets\/assets\/dummy.png\" title=\"we-werbebanner-hund-11042020\" width=\"1240\" height=\"600\" class=\"rev-slidebg tp-rs-img rs-lazyload\" data-lazyload=\"\/\/www.myweedo.de\/gruene-seiten\/wp-content\/uploads\/2017\/12\/we-werbebanner-hund-11042020.jpg\" data-parallax=\"off\" data-no-retina>\n<!---->\t\t\t\t\t\t<\/rs-slide>\n\t\t\t\t\t\t<rs-slide style=\"position: absolute;\" data-key=\"rs-168\" data-title=\"Slide\" data-link=\"\/\/holy-hemp.de?utm_source=weedomagazin&utm_medium=banner&utm_campaign=cannabissamen\" data-target=\"_self\" data-seoz=\"front\" data-duration=\"5000ms\" data-anim=\"ms:300;\" data-in=\"o:0;\" data-out=\"a:false;\">\n\t\t\t\t\t\t\t<img src=\"\/\/www.myweedo.de\/gruene-seiten\/wp-content\/plugins\/revslider\/public\/assets\/assets\/dummy.png\" alt=\"Cannabissamen Holy Hemp\" title=\"Werbebanner-Weedo-HolyHemp\" width=\"1024\" height=\"495\" class=\"rev-slidebg tp-rs-img rs-lazyload\" data-lazyload=\"\/\/www.myweedo.de\/gruene-seiten\/wp-content\/uploads\/2017\/12\/Werbebanner-Weedo-HolyHemp.jpg\" data-parallax=\"off\" data-no-retina>\n<!---->\t\t\t\t\t\t<\/rs-slide>\n\t\t\t\t\t<\/rs-slides>\n\t\t\t\t\t<rs-static-layers><!--\n\t\t\t\t\t--><\/rs-static-layers>\n\t\t\t\t<\/rs-module>\n\t\t\t\t<script type=\"text\/javascript\">\n\t\t\t\t\tsetREVStartSize({c: 'rev_slider_20_4',rl:[1240,1024,778,480],el:[600],gw:[1240],gh:[600],type:'standard',justify:'',layout:'fullwidth',mh:\"0\"});if (window.RS_MODULES!==undefined && window.RS_MODULES.modules!==undefined && window.RS_MODULES.modules[\"revslider204\"]!==undefined) {window.RS_MODULES.modules[\"revslider204\"].once = false;window.revapi20 = undefined;if (window.RS_MODULES.checkMinimal!==undefined) window.RS_MODULES.checkMinimal()}\n\t\t\t\t<\/script>\n\t\t\t<\/rs-module-wrap>\n\t\t\t<!-- END REVOLUTION SLIDER -->\n\r\n<\/div>\r\n<\/div>\r\n<\/div>\r\n<\/div>\r\n","protected":false},"excerpt":{"rendered":"<p>Aktuell machen sich Ger\u00fcchte breit, es drohe ein Verbot von CBD auf EU-Ebene. Wie steht es eigentlich um die rechtliche Lage von CBD? Was w\u00e4ren die Konsequenzen? Wie sind Verbraucher betroffen? Und was hat Daniela Ludwig damit zu tun? Wir kl\u00e4ren auf. Cannabis ist verboten, weil es eine illegale Droge ist. Mit dieser messerscharfen und [&hellip;]<\/p>\n","protected":false},"author":3,"featured_media":28502,"comment_status":"open","ping_status":"open","sticky":false,"template":"","format":"standard","meta":[],"categories":[233],"tags":[],"yoast_head":"<!-- This site is optimized with the Yoast SEO Premium plugin v19.7 (Yoast SEO v19.14) - https:\/\/yoast.com\/wordpress\/plugins\/seo\/ -->\n<title>CBD Verbot in der EU: Was ist dran und was sind die Folgen? - Weedo<\/title>\n<meta name=\"description\" content=\"Droht ein CBD Verbot in der EU? Wie steht es um die rechtliche Lage von CBD? Was w\u00e4ren die Folgen f\u00fcr Verbraucher?\" \/>\n<meta name=\"robots\" content=\"index, follow, max-snippet:-1, max-image-preview:large, max-video-preview:-1\" \/>\n<link rel=\"canonical\" href=\"https:\/\/www.myweedo.de\/gruene-seiten\/politik\/droht-cbd-verbot-in-eu-daniela-ludwig\/\" \/>\n<meta property=\"og:locale\" content=\"de_DE\" \/>\n<meta property=\"og:type\" content=\"article\" \/>\n<meta property=\"og:title\" content=\"Droht ein CBD Verbot in der EU? Und was hat Daniela Ludwig damit zu tun?\" \/>\n<meta property=\"og:description\" content=\"Droht ein CBD Verbot in der EU? Wie steht es um die rechtliche Lage von CBD? Was w\u00e4ren die Folgen f\u00fcr Verbraucher?\" \/>\n<meta property=\"og:url\" content=\"https:\/\/www.myweedo.de\/gruene-seiten\/politik\/droht-cbd-verbot-in-eu-daniela-ludwig\/\" \/>\n<meta property=\"og:site_name\" content=\"Weedo\" \/>\n<meta property=\"article:publisher\" content=\"https:\/\/www.facebook.com\/myweedo\/\" \/>\n<meta property=\"article:published_time\" content=\"2020-10-06T12:01:12+00:00\" \/>\n<meta property=\"article:modified_time\" content=\"2022-12-06T14:37:11+00:00\" \/>\n<meta property=\"og:image\" content=\"https:\/\/www.myweedo.de\/gruene-seiten\/wp-content\/uploads\/2020\/10\/cbd-verbot-eu-daniela-ludwig.jpg\" \/>\n\t<meta property=\"og:image:width\" content=\"800\" \/>\n\t<meta property=\"og:image:height\" content=\"530\" \/>\n\t<meta property=\"og:image:type\" content=\"image\/jpeg\" \/>\n<meta name=\"author\" content=\"Philipp\" \/>\n<meta name=\"twitter:card\" content=\"summary_large_image\" \/>\n<meta name=\"twitter:creator\" content=\"@myweedo\" \/>\n<meta name=\"twitter:site\" content=\"@myweedo\" \/>\n<meta name=\"twitter:label1\" content=\"Verfasst von\" \/>\n\t<meta name=\"twitter:data1\" content=\"Philipp\" \/>\n\t<meta name=\"twitter:label2\" content=\"Gesch\u00e4tzte Lesezeit\" \/>\n\t<meta name=\"twitter:data2\" content=\"7\u00a0Minuten\" \/>\n<script type=\"application\/ld+json\" class=\"yoast-schema-graph\">{\"@context\":\"https:\/\/schema.org\",\"@graph\":[{\"@type\":\"WebPage\",\"@id\":\"https:\/\/www.myweedo.de\/gruene-seiten\/politik\/droht-cbd-verbot-in-eu-daniela-ludwig\/\",\"url\":\"https:\/\/www.myweedo.de\/gruene-seiten\/politik\/droht-cbd-verbot-in-eu-daniela-ludwig\/\",\"name\":\"CBD Verbot in der EU: Was ist dran und was sind die Folgen? - Weedo\",\"isPartOf\":{\"@id\":\"https:\/\/www.myweedo.de\/gruene-seiten\/#website\"},\"datePublished\":\"2020-10-06T12:01:12+00:00\",\"dateModified\":\"2022-12-06T14:37:11+00:00\",\"author\":{\"@id\":\"https:\/\/www.myweedo.de\/gruene-seiten\/#\/schema\/person\/715f71a0409667d201dfc5b443d5c252\"},\"description\":\"Droht ein CBD Verbot in der EU? Wie steht es um die rechtliche Lage von CBD? Was w\u00e4ren die Folgen f\u00fcr Verbraucher?\",\"breadcrumb\":{\"@id\":\"https:\/\/www.myweedo.de\/gruene-seiten\/politik\/droht-cbd-verbot-in-eu-daniela-ludwig\/#breadcrumb\"},\"inLanguage\":\"de\",\"potentialAction\":[{\"@type\":\"ReadAction\",\"target\":[\"https:\/\/www.myweedo.de\/gruene-seiten\/politik\/droht-cbd-verbot-in-eu-daniela-ludwig\/\"]}]},{\"@type\":\"BreadcrumbList\",\"@id\":\"https:\/\/www.myweedo.de\/gruene-seiten\/politik\/droht-cbd-verbot-in-eu-daniela-ludwig\/#breadcrumb\",\"itemListElement\":[{\"@type\":\"ListItem\",\"position\":1,\"name\":\"Startseite\",\"item\":\"https:\/\/www.myweedo.de\/gruene-seiten\/\"},{\"@type\":\"ListItem\",\"position\":2,\"name\":\"Droht ein CBD Verbot in der EU? Und was hat Daniela Ludwig damit zu tun?\"}]},{\"@type\":\"WebSite\",\"@id\":\"https:\/\/www.myweedo.de\/gruene-seiten\/#website\",\"url\":\"https:\/\/www.myweedo.de\/gruene-seiten\/\",\"name\":\"Weedo\",\"description\":\"Cannabis Lifestyle\",\"potentialAction\":[{\"@type\":\"SearchAction\",\"target\":{\"@type\":\"EntryPoint\",\"urlTemplate\":\"https:\/\/www.myweedo.de\/gruene-seiten\/?s={search_term_string}\"},\"query-input\":\"required name=search_term_string\"}],\"inLanguage\":\"de\"},{\"@type\":\"Person\",\"@id\":\"https:\/\/www.myweedo.de\/gruene-seiten\/#\/schema\/person\/715f71a0409667d201dfc5b443d5c252\",\"name\":\"Philipp\",\"image\":{\"@type\":\"ImageObject\",\"inLanguage\":\"de\",\"@id\":\"https:\/\/www.myweedo.de\/gruene-seiten\/#\/schema\/person\/image\/\",\"url\":\"https:\/\/secure.gravatar.com\/avatar\/2732fec0c4a6d2c9793f6e586afa2d5e?s=96&d=mm&r=g\",\"contentUrl\":\"https:\/\/secure.gravatar.com\/avatar\/2732fec0c4a6d2c9793f6e586afa2d5e?s=96&d=mm&r=g\",\"caption\":\"Philipp\"},\"url\":\"https:\/\/www.myweedo.de\/gruene-seiten\/author\/philipp\/\"}]}<\/script>\n<!-- \/ Yoast SEO Premium plugin. -->","yoast_head_json":{"title":"CBD Verbot in der EU: Was ist dran und was sind die Folgen? - Weedo","description":"Droht ein CBD Verbot in der EU? Wie steht es um die rechtliche Lage von CBD? Was w\u00e4ren die Folgen f\u00fcr Verbraucher?","robots":{"index":"index","follow":"follow","max-snippet":"max-snippet:-1","max-image-preview":"max-image-preview:large","max-video-preview":"max-video-preview:-1"},"canonical":"https:\/\/www.myweedo.de\/gruene-seiten\/politik\/droht-cbd-verbot-in-eu-daniela-ludwig\/","og_locale":"de_DE","og_type":"article","og_title":"Droht ein CBD Verbot in der EU? Und was hat Daniela Ludwig damit zu tun?","og_description":"Droht ein CBD Verbot in der EU? Wie steht es um die rechtliche Lage von CBD? Was w\u00e4ren die Folgen f\u00fcr Verbraucher?","og_url":"https:\/\/www.myweedo.de\/gruene-seiten\/politik\/droht-cbd-verbot-in-eu-daniela-ludwig\/","og_site_name":"Weedo","article_publisher":"https:\/\/www.facebook.com\/myweedo\/","article_published_time":"2020-10-06T12:01:12+00:00","article_modified_time":"2022-12-06T14:37:11+00:00","og_image":[{"width":800,"height":530,"url":"https:\/\/www.myweedo.de\/gruene-seiten\/wp-content\/uploads\/2020\/10\/cbd-verbot-eu-daniela-ludwig.jpg","type":"image\/jpeg"}],"author":"Philipp","twitter_card":"summary_large_image","twitter_creator":"@myweedo","twitter_site":"@myweedo","twitter_misc":{"Verfasst von":"Philipp","Gesch\u00e4tzte Lesezeit":"7\u00a0Minuten"},"schema":{"@context":"https:\/\/schema.org","@graph":[{"@type":"WebPage","@id":"https:\/\/www.myweedo.de\/gruene-seiten\/politik\/droht-cbd-verbot-in-eu-daniela-ludwig\/","url":"https:\/\/www.myweedo.de\/gruene-seiten\/politik\/droht-cbd-verbot-in-eu-daniela-ludwig\/","name":"CBD Verbot in der EU: Was ist dran und was sind die Folgen? - Weedo","isPartOf":{"@id":"https:\/\/www.myweedo.de\/gruene-seiten\/#website"},"datePublished":"2020-10-06T12:01:12+00:00","dateModified":"2022-12-06T14:37:11+00:00","author":{"@id":"https:\/\/www.myweedo.de\/gruene-seiten\/#\/schema\/person\/715f71a0409667d201dfc5b443d5c252"},"description":"Droht ein CBD Verbot in der EU? Wie steht es um die rechtliche Lage von CBD? Was w\u00e4ren die Folgen f\u00fcr Verbraucher?","breadcrumb":{"@id":"https:\/\/www.myweedo.de\/gruene-seiten\/politik\/droht-cbd-verbot-in-eu-daniela-ludwig\/#breadcrumb"},"inLanguage":"de","potentialAction":[{"@type":"ReadAction","target":["https:\/\/www.myweedo.de\/gruene-seiten\/politik\/droht-cbd-verbot-in-eu-daniela-ludwig\/"]}]},{"@type":"BreadcrumbList","@id":"https:\/\/www.myweedo.de\/gruene-seiten\/politik\/droht-cbd-verbot-in-eu-daniela-ludwig\/#breadcrumb","itemListElement":[{"@type":"ListItem","position":1,"name":"Startseite","item":"https:\/\/www.myweedo.de\/gruene-seiten\/"},{"@type":"ListItem","position":2,"name":"Droht ein CBD Verbot in der EU? Und was hat Daniela Ludwig damit zu tun?"}]},{"@type":"WebSite","@id":"https:\/\/www.myweedo.de\/gruene-seiten\/#website","url":"https:\/\/www.myweedo.de\/gruene-seiten\/","name":"Weedo","description":"Cannabis Lifestyle","potentialAction":[{"@type":"SearchAction","target":{"@type":"EntryPoint","urlTemplate":"https:\/\/www.myweedo.de\/gruene-seiten\/?s={search_term_string}"},"query-input":"required name=search_term_string"}],"inLanguage":"de"},{"@type":"Person","@id":"https:\/\/www.myweedo.de\/gruene-seiten\/#\/schema\/person\/715f71a0409667d201dfc5b443d5c252","name":"Philipp","image":{"@type":"ImageObject","inLanguage":"de","@id":"https:\/\/www.myweedo.de\/gruene-seiten\/#\/schema\/person\/image\/","url":"https:\/\/secure.gravatar.com\/avatar\/2732fec0c4a6d2c9793f6e586afa2d5e?s=96&d=mm&r=g","contentUrl":"https:\/\/secure.gravatar.com\/avatar\/2732fec0c4a6d2c9793f6e586afa2d5e?s=96&d=mm&r=g","caption":"Philipp"},"url":"https:\/\/www.myweedo.de\/gruene-seiten\/author\/philipp\/"}]}},"_links":{"self":[{"href":"https:\/\/www.myweedo.de\/gruene-seiten\/wp-json\/wp\/v2\/posts\/28492"}],"collection":[{"href":"https:\/\/www.myweedo.de\/gruene-seiten\/wp-json\/wp\/v2\/posts"}],"about":[{"href":"https:\/\/www.myweedo.de\/gruene-seiten\/wp-json\/wp\/v2\/types\/post"}],"author":[{"embeddable":true,"href":"https:\/\/www.myweedo.de\/gruene-seiten\/wp-json\/wp\/v2\/users\/3"}],"replies":[{"embeddable":true,"href":"https:\/\/www.myweedo.de\/gruene-seiten\/wp-json\/wp\/v2\/comments?post=28492"}],"version-history":[{"count":13,"href":"https:\/\/www.myweedo.de\/gruene-seiten\/wp-json\/wp\/v2\/posts\/28492\/revisions"}],"predecessor-version":[{"id":32471,"href":"https:\/\/www.myweedo.de\/gruene-seiten\/wp-json\/wp\/v2\/posts\/28492\/revisions\/32471"}],"wp:featuredmedia":[{"embeddable":true,"href":"https:\/\/www.myweedo.de\/gruene-seiten\/wp-json\/wp\/v2\/media\/28502"}],"wp:attachment":[{"href":"https:\/\/www.myweedo.de\/gruene-seiten\/wp-json\/wp\/v2\/media?parent=28492"}],"wp:term":[{"taxonomy":"category","embeddable":true,"href":"https:\/\/www.myweedo.de\/gruene-seiten\/wp-json\/wp\/v2\/categories?post=28492"},{"taxonomy":"post_tag","embeddable":true,"href":"https:\/\/www.myweedo.de\/gruene-seiten\/wp-json\/wp\/v2\/tags?post=28492"}],"curies":[{"name":"wp","href":"https:\/\/api.w.org\/{rel}","templated":true}]}}